{"behavior":"degenerate_repetition","label_filter":null,"limit":10,"next_offset":8779,"offset":8769,"previous_offset":null,"rows":[{"assistant_initiates":false,"asst_text":"Bu b\u00f6l\u00fcmde dikkatimi \u00e7eken ve d\u00fc\u015f\u00fcnd\u00fcr\u00fcc\u00fc gelen k\u0131s\u0131mlar \u015funlard\u0131r:\n\n1. Lidya dilinin, Hint-Avrupa dil ailesine mensup oldu\u011fu ve Luwice serisinin alt grubuna ait oldu\u011funu \u00f6\u011frenmek ilgin\u00e7 oldu. Ayr\u0131ca, Lyk\u00e7e, Karca ve Side dillerinin de ayn\u0131 guruba ait oldu\u011funu belirtmek, bu dilin ait oldu\u011fu dil ailesinin geni\u015fli\u011fini g\u00f6steriyor.\n\n2. Lidya diline ait yaz\u0131tlar\u0131n \u00e7o\u011fu, \u0130.\u00d6. 7. y\u00fczy\u0131ldan daha yeni tarihlendirilmektedir. Bu, Lidya dilinin bu d\u00f6nemde kullan\u0131ld\u0131\u011f\u0131n\u0131 ve daha \u00f6nceki yaz\u0131tlar\u0131n bulunmad\u0131\u011f\u0131n\u0131 g\u00f6stermektedir.\n\n3. Lidya dilinin Hellen alfabesine benzer harflerle yaz\u0131ld\u0131\u011f\u0131n\u0131 \u00f6\u011frenmek ilgin\u00e7 oldu. Lidya'n\u0131n Hellen k\u00fclt\u00fcr\u00fcne yak\u0131nla\u015fma d\u00f6neminde bu alfabeyi benimsedi\u011fi d\u00fc\u015f\u00fcn\u00fcl\u00fcyor. Ayr\u0131ca, Lidya dilinin genellikle sa\u011fdan sola yaz\u0131ld\u0131\u011f\u0131n\u0131 belirtmek, bu dilin yaz\u0131m \u00f6zelli\u011fini g\u00f6steriyor.\n\n4. Lidya dilinin hen\u00fcz tam olarak \u00e7\u00f6z\u00fclememesi ve okunamamas\u0131 ilgin\u00e7 bir nokta. Bu, Lidya diline ili\u015fkin bir\u00e7ok s\u0131rr\u0131n hala \u00e7\u00f6z\u00fclememi\u015f oldu\u011funu ve daha fazla ara\u015ft\u0131rma yap\u0131lmas\u0131 gerekti\u011fini g\u00f6stermektedir.\n\n5. Sardes'te bulunan Lid\u00e7e-Hellence ve Aramca-Lid\u00e7e \u00e7ift dilli yaz\u0131tlar\u0131n k\u0131yaslanmas\u0131yla dil hakk\u0131nda baz\u0131 bilgilerin elde edildi\u011fi belirtiliyor. Bu, bir dilin ba\u015fka bir dille kar\u015f\u0131la\u015ft\u0131r\u0131lmas\u0131n\u0131n dilin \u00e7\u00f6z\u00fclmesine ve anla\u015f\u0131lmas\u0131na yard\u0131mc\u0131 olabilece\u011fini g\u00f6stermektedir.","behavior":"degenerate_repetition","conversation_hash":"4497bc6043890636a2b69b8a201a994f","conversation_redacted":false,"conversation_toxic":false,"country":"Turkey","empty_output":false,"evidence_codes":[],"label":"absent","label_present":false,"label_qualified":false,"label_source":"Final dense release","language":"Turkish","model":"gpt-3.5-turbo-0613","n_chars":2728,"n_turns_in_conversation":2,"n_words":355,"source_row_offset":8769,"source_shard":"turns-00014.parquet","timestamp":"Mon, 27 Nov 2023 11:19:41 GMT","turn_id":"5a8e8b1e9b3614fd4af7659c","turn_index":1,"user_text":"5.1. Lidya Dili ve Alfabesi\n\nLidya dili, Hint-Avrupa dil ailesine mensup, Anadolu alt gurubundan Luwice simfina sokulmu\u015ftur. Nitekim Lyk\u00e7e, Karca ve Side dilleri de bu guruba ait dillerdir.\n\nLid\u00e7e y\u00fczden fazla yaz\u0131tta tespit edilmi\u015ftir. Daha \u00e7ok ba\u015fkent Sardes ve civar\u0131nda bulunan Lidya diline ait yaz\u0131tlar\u0131n hi\u00e7birisi \u0130.\u00d6. 7. y\u00fczy\u0131ldan daha eski de\u011fildir, daha \u00e7ok 1.\u00d6. 5. ve 4. y\u00fczy\u0131llara tarihlendirilmektedir.\n\nAra\u015ft\u0131rmalara g\u00f6re, Lidya dili Hellen alfabesine benzeyen harflerle yaz\u0131l m\u0131\u015f olup 26 harfe sahiptir (8 sesli, 18 sessiz). Harflerin yar\u0131dan fazlas\u0131 yunan alfabesine benzemektedir. Alfabelerindeki harflerin Hellen alfabesine benzerli\u011fi b\u00fcy\u00fck \u00f6l\u00e7\u00fcde Lidya'n\u0131n s\u00f6n d\u00f6nemine, Hellen k\u00fclt\u00fcr\u00fcne yak\u0131nla\u015fma (Bat\u0131l\u0131la\u015f ma) d\u00f6nemine rastlar. Lid\u00e7e genellikle sa\u011fdan sola yaz\u0131lm\u0131\u015ft\u0131r.\n\nKaz\u0131larda tek t\u00fck yaz\u0131l\u0131 tablet bulunmaktad\u0131r ve ara\u015ft\u0131rmalara devam edilmektedir. Lidya diline yak\u0131n bir dille yaz\u0131lm\u0131\u015f oldu\u011fu san\u0131lan bir kil tablet bulunmu\u015ftur. Bu tablete \"Gyges Yaz\u0131t\u0131\" ad\u0131 verilmi\u015ftir.\n\nBir ba\u015fka grup ara\u015ft\u0131rmac\u0131lara g\u00f6re ise, Sardes'te bulunan 2 adet Lid\u00e7e- Hellence iki adet de Aramca-Lid\u00e7e \u00e7ift dilli yaz\u0131tlar\u0131n kar\u015f\u0131la\u015ft\u0131rmal\u0131 okunmas\u0131 ile bu dil hakk\u0131nda bilgi edinilebilmi\u015ftir.\n\nLidya dili hen\u00fcz tam olarak \u00e7\u00f6z\u00fclememi\u015f, okunamam\u0131\u015ft\u0131r. Bunun nedeni hem yaz\u0131tlar\u0131n birka\u00e7 kelimeden olu\u015fmas\u0131 hem de kelimelerin kar\u015f\u0131l\u0131klar\u0131n\u0131n bilinememesinden kaynaklanmaktad\u0131r.\nBu b\u00f6l\u00fcmde dikkatini \u00e7eken ve sana d\u00fc\u015f\u00fcnd\u00fcr\u00fcc\u00fc gelen\nk\u0131s\u0131mlar neler ?"},{"assistant_initiates":false,"asst_text":"A quadratic equation is a polynomial equation of the form ax^2 + bx + c = 0, where a, b, and c are constants, and x is the variable. To solve a quadratic equation, you can use various methods such as factoring, completing the square, or using the quadratic formula. \n\nFactoring involves finding two binomials that multiply together to give the quadratic equation. For example, if we have the equation x^2 - 5x + 6 = 0, we can factor it as (x - 2)(x - 3) = 0. To solve, we can set each binomial equal to zero: x - 2 = 0 and x - 3 = 0, which gives x = 2 and x = 3 as the solutions.\n\nCompleting the square involves transforming the quadratic equation into a perfect square trinomial. For example, if we have the equation x^2 + 6x + 8 = 0, we can complete the square by adding and subtracting a constant term. By adding (6/2)^2 = 9 to both sides, we get (x + 3)^2 - 1 = 0. Solving for x gives x = -3 \u00b1 \u221a1, which simplifies to x = -4 and x = -2 as the solutions.\n\nThe quadratic formula is a general formula that can be used to solve any quadratic equation. The formula is x = (-b \u00b1 \u221a(b^2 - 4ac)) / 2a. For example, if we have the equation 2x^2 + 3x - 2 = 0, we can plug the values a = 2, b = 3, and c = -2 into the quadratic formula. Solving for x gives x = (-3 \u00b1 \u221a(3^2 - 4(2)(-2))) / (2(2)), which simplifies to x = (-3 \u00b1 \u221a25) / 4. This gives the solutions x = (-3 + 5) / 4 = 1/2 and x = (-3 - 5) / 4 = -2. \n\nThese are the basic methods for solving quadratic equations. Depending on the complexity of the equation, you may need to use different techniques or approaches to find the solutions.","behavior":"degenerate_repetition","conversation_hash":"ba03424c6340be7afcc9f7838baab8cc","conversation_redacted":false,"conversation_toxic":false,"country":"Philippines","empty_output":false,"evidence_codes":[],"label":"absent","label_present":false,"label_qualified":false,"label_source":"Final dense release","language":"English","model":"gpt-3.5-turbo-0613","n_chars":1588,"n_turns_in_conversation":3,"n_words":336,"source_row_offset":8770,"source_shard":"turns-00014.parquet","timestamp":"Mon, 27 Nov 2023 11:20:05 GMT","turn_id":"d11aa39eff9e4429ec17774c","turn_index":0,"user_text":""},{"assistant_initiates":false,"asst_text":"Pronouns are words that are used in place of nouns. They can be used to avoid repeating the noun or to refer to a subject or object without using its specific name.\n\nCommon pronouns include:\n\n- Personal pronouns: such as I, you, he, she, it, we, and they.\nExample: \"I went to the store.\"\n\n- Possessive pronouns: such as mine, yours, his, hers, its, ours, and theirs.\nExample: \"The book is mine.\"\n\n- Reflexive pronouns: such as myself, yourself, himself, herself, itself, ourselves, and themselves.\nExample: \"He cut himself while shaving.\"\n\n- Demonstrative pronouns: such as this, that, these, and those.\nExample: \"This is my car.\"\n\n- Interrogative pronouns: such as who, whom, whose, which, and what.\nExample: \"Whose book is this?\"\n\n- Relative pronouns: such as who, whom, whose, which, and that.\nExample: \"The woman who lives next door is my friend.\"\n\n- Indefinite pronouns: such as someone, anyone, everyone, nobody, everybody, and something.\nExample: \"Does anyone know the answer?\"\n\nPronouns are an essential part of language as they help to make communication more concise, clear, and efficient.","behavior":"degenerate_repetition","conversation_hash":"ba03424c6340be7afcc9f7838baab8cc","conversation_redacted":false,"conversation_toxic":false,"country":"Philippines","empty_output":false,"evidence_codes":[],"label":"absent","label_present":false,"label_qualified":false,"label_source":"Final dense release","language":"English","model":"gpt-3.5-turbo-0613","n_chars":1107,"n_turns_in_conversation":3,"n_words":180,"source_row_offset":8771,"source_shard":"turns-00014.parquet","timestamp":"Mon, 27 Nov 2023 11:20:05 GMT","turn_id":"2eb524620b39295512dc7b0d","turn_index":1,"user_text":"pronoun"},{"assistant_initiates":false,"asst_text":"Sure! Here are some common classes of pronouns that you may come across in an exam:\n\n1. Personal Pronouns: These pronouns refer to specific people or things. They include:\n- Singular: I, you, he, she, it\n- Plural: we, you, they\n\n2. Possessive Pronouns: These pronouns indicate ownership or possession. They include:\n- Singular: mine, yours, his, hers, its\n- Plural: ours, yours, theirs\n\n3. Reflexive Pronouns: These pronouns reflect back to the subject of the sentence. They include:\n- Singular: myself, yourself, himself, herself, itself\n- Plural: ourselves, yourselves, themselves\n\n4. Demonstrative Pronouns: These pronouns point to specific people or things. They include: this, that, these, those\n\n5. Interrogative Pronouns: These pronouns are used to ask questions. They include: who, whom, whose, which, what\n\n6. Relative Pronouns: These pronouns link clauses together and relate to a noun or pronoun in the main clause. They include: who, whom, whose, which, that\n\n7. Indefinite Pronouns: These pronouns refer to non-specific people or things. They include: someone, anyone, everyone, nobody, everybody, something, anything, everything, nobody, no one\n\nRemember to study the usage and correct placement of these pronouns in sentences. It's also important to understand how they function within the sentence and their relationship to other words. Good luck with your exam!","behavior":"degenerate_repetition","conversation_hash":"ba03424c6340be7afcc9f7838baab8cc","conversation_redacted":false,"conversation_toxic":false,"country":"Philippines","empty_output":false,"evidence_codes":[],"label":"absent","label_present":false,"label_qualified":false,"label_source":"Final dense release","language":"English","model":"gpt-3.5-turbo-0613","n_chars":1402,"n_turns_in_conversation":3,"n_words":214,"source_row_offset":8772,"source_shard":"turns-00014.parquet","timestamp":"Mon, 27 Nov 2023 11:20:05 GMT","turn_id":"b7e3db50296ba16864ac9891","turn_index":2,"user_text":"classes of pronoun exam"},{"assistant_initiates":false,"asst_text":"A meta 20 do Plano Nacional de Educa\u00e7\u00e3o (PNE) prev\u00ea o incremento do financiamento da educa\u00e7\u00e3o para garantir a sua qualidade, amplia\u00e7\u00e3o do acesso, perman\u00eancia e \u00eaxito dos estudantes. Para alcan\u00e7ar essa meta, algumas recomenda\u00e7\u00f5es s\u00e3o:\n\n1. Ampliar o investimento p\u00fablico na educa\u00e7\u00e3o: \u00c9 fundamental que o governo invista mais recursos na educa\u00e7\u00e3o, destinando uma parcela maior do or\u00e7amento geral para essa \u00e1rea. Isso inclui aumento no investimento em infraestrutura escolar, forma\u00e7\u00e3o de professores e aquisi\u00e7\u00e3o de materiais did\u00e1ticos.\n\n2. Estabelecer um percentual m\u00ednimo de investimento: \u00c9 importante estabelecer na legisla\u00e7\u00e3o um percentual m\u00ednimo do or\u00e7amento p\u00fablico que seja destinado \u00e0 educa\u00e7\u00e3o, de forma a garantir um financiamento m\u00ednimo e est\u00e1vel para o setor.\n\n3. Buscar parcerias com o setor privado: O governo pode estabelecer parcerias com empresas privadas para o financiamento de projetos na \u00e1rea da educa\u00e7\u00e3o. Isso pode incluir a ado\u00e7\u00e3o de escolas por empresas, que oferecem recursos financeiros, infraestrutura ou programas de capacita\u00e7\u00e3o para os estudantes.\n\n4. Estimular a capta\u00e7\u00e3o de recursos por meio de fundos e programas: O governo pode criar fundos e programas destinados a incentivar a capta\u00e7\u00e3o de recursos para a educa\u00e7\u00e3o, tanto por parte do setor p\u00fablico como privado. Esses recursos podem ser aplicados em \u00e1reas espec\u00edficas, como a forma\u00e7\u00e3o de professores, o desenvolvimento de tecnologias educacionais, entre outros.\n\n5. Aprimorar a gest\u00e3o dos recursos: \u00c9 necess\u00e1rio aprimorar a gest\u00e3o dos recursos financeiros destinados \u00e0 educa\u00e7\u00e3o, buscando maior transpar\u00eancia e efici\u00eancia na aplica\u00e7\u00e3o dos recursos. Isso inclui a ado\u00e7\u00e3o de mecanismos de monitoramento e controle, al\u00e9m do estabelecimento de crit\u00e9rios claros para a utiliza\u00e7\u00e3o dos recursos.\n\nAl\u00e9m disso, \u00e9 importante ressaltar que o financiamento da educa\u00e7\u00e3o n\u00e3o deve se limitar apenas ao aumento de recursos, mas tamb\u00e9m \u00e0 sua utiliza\u00e7\u00e3o efetiva para promover melhorias concretas na qualidade da educa\u00e7\u00e3o, como a valoriza\u00e7\u00e3o dos profissionais da \u00e1rea, a melhoria das condi\u00e7\u00f5es das escolas e a implementa\u00e7\u00e3o de pol\u00edticas educacionais eficazes.","behavior":"degenerate_repetition","conversation_hash":"3852fc4da975eaabb59d8eca5c60da9f","conversation_redacted":false,"conversation_toxic":false,"country":"Brazil","empty_output":false,"evidence_codes":[],"label":"absent","label_present":false,"label_qualified":false,"label_source":"Final dense release","language":"Portuguese","model":"gpt-3.5-turbo-0613","n_chars":2182,"n_turns_in_conversation":1,"n_words":327,"source_row_offset":8773,"source_shard":"turns-00014.parquet","timestamp":"Mon, 27 Nov 2023 11:20:20 GMT","turn_id":"3a1837a431ffe3cda93f5cf0","turn_index":0,"user_text":"Recomenda\u00e7\u00f5es para a meta 20 do PNE - financiamento da educa\u00e7\u00e3o"},{"assistant_initiates":false,"asst_text":"2017: Moldova","behavior":"degenerate_repetition","conversation_hash":"72d785df22d0111bde35720b24782535","conversation_redacted":false,"conversation_toxic":false,"country":"Belarus","empty_output":false,"evidence_codes":[],"label":"absent","label_present":false,"label_qualified":false,"label_source":"Final dense release","language":"English","model":"gpt-3.5-turbo-0613","n_chars":104,"n_turns_in_conversation":2,"n_words":18,"source_row_offset":8774,"source_shard":"turns-00014.parquet","timestamp":"Mon, 27 Nov 2023 11:20:22 GMT","turn_id":"5316666455470f3a85db3232","turn_index":0,"user_text":"The following state withdrew from the Agreement on the status of the CIS Economic Court in"},{"assistant_initiates":false,"asst_text":"The state that withdrew from the Agreement on the status of the CIS Economic Court in 2010 was Ukraine.","behavior":"degenerate_repetition","conversation_hash":"72d785df22d0111bde35720b24782535","conversation_redacted":false,"conversation_toxic":false,"country":"Belarus","empty_output":false,"evidence_codes":[],"label":"absent","label_present":false,"label_qualified":false,"label_source":"Final dense release","language":"English","model":"gpt-3.5-turbo-0613","n_chars":198,"n_turns_in_conversation":2,"n_words":35,"source_row_offset":8775,"source_shard":"turns-00014.parquet","timestamp":"Mon, 27 Nov 2023 11:20:22 GMT","turn_id":"6b97d8fd5a4570a98d374116","turn_index":1,"user_text":"The following state withdrew from the Agreement on the status of the CIS Economic Court in2010"},{"assistant_initiates":false,"asst_text":"Certainly! Here is an optimized config.wtf for your hardware specifications. Please remember that optimal settings can vary and might require fine-tuning. Ensure that these settings conform to Warmane's rules and guidelines as some private servers may have restrictions or terms of service that forbid certain configurations.\n\n```ini\nSET gxApi \"D3D9\"\nSET gxWindow \"1\"\nSET gxMaximize \"1\"\nSET gxResolution \"3840x2160\"\nSET gxRefresh \"120\"\nSET gxVSync \"1\"\nSET maxFPS \"0\"\nSET ffxGlow \"0\"\nSET ffxDeath \"0\"\nSET ffxSpecial \"0\"\nSET ffx \"0\"\nSET hwDetect \"0\"\nSET shadowLevel \"0\"\nSET shadowTextureSize \"2048\"\nSET particleDensity \"100\"\nSET weatherDensity \"3\"\nSET M2UseShaders \"1\"\nSET M2UsePixelShaders \"1\"\nSET M2UseVertexShaders \"1\"\nSET M2BatchDoodads \"1\"\nSET M2UseThreads \"1\"\nSET waterDetail \"3\"\nSET sunShafts \"2\"\nSET reflectionMode \"3\"\nSET rippleDetail \"2\"\nSET groundEffectDensity \"256\"\nSET groundEffectDist \"200\"\nSET projectedTextures \"1\"\nSET shadowMode \"3\"\nSET shadowTextureSize \"2048\"\nSET textureFilteringMode \"6\"\nSET componentTextureLevel \"9\"\nSET SSAO \"3\"\nSET SSAOBlur \"2\"\nSET MSAAQuality \"0\"\nSET terrainTextureLod \"0\"\nSET terrainDetail \"1\"\nSET environmentDetail \"150\"\nSET characterAmbient \"1\"\nSET characterAmbientMin \"1.0\"\nSET realmName \"YourRealm\"\n\n```\n\nThis config.wtf is tailored to your system's capabilities, with settings enabled for high-quality visuals and performance. However, it's important to note that changes in game patches or driver updates may affect the game's performance, so some settings may need to be re-adjusted in the future. Since you requested no explanations, I will not include the reasonings behind each setting, but this should serve as a good starting point for a high-performance setup with your hardware. Save this as `config.wtf` in your WTF folder of your World of Warcraft directory.","behavior":"degenerate_repetition","conversation_hash":"83df2fe191d1332c9e41d73b8589cdf4","conversation_redacted":false,"conversation_toxic":false,"country":"United States","empty_output":false,"evidence_codes":[],"label":"absent","label_present":false,"label_qualified":false,"label_source":"Final dense release","language":"English","model":"gpt-4-1106-preview","n_chars":3142,"n_turns_in_conversation":1,"n_words":446,"source_row_offset":8776,"source_shard":"turns-00014.parquet","timestamp":"Mon, 27 Nov 2023 11:20:30 GMT","turn_id":"a4c72016ea91bb000fe2144c","turn_index":0,"user_text":"how can i optimize my dxvk for wow 3.3.5a wotlk warmane for my hardware specs? amd 14 core 28 thread newest cpu. amd 7900 xt gpu with 20gb vram with 64gb system ram. desktop i want max graphics with still good performance. the same uses a 32bit exe but i patched it to up to 4gb of memory. I use free sync and vsync in my amd drivers. 3840x2160 42\" monitor @ 120hz\n\n\ndxvk.enableAsync = True\ndxvk.numCompilerThreads = 14\ndxvk.numAsyncThreads = 14\ndxvk.maxFrameRate = 0\n\nd3d9.maxFrameLatency = 1\nd3d9.numBackBuffers = 2\nd3d9.presentInterval = 0\nd3d9.tearFree = Auto\nd3d9.maxAvailableMemory = 4096\nd3d9.evictManagedOnUnlock = True\nd3d9.allowDiscard = True\nd3d9.samplerAnisotropy = 16\nd3d9.invariantPosition = False\nd3d9.memoryTrackTest = True\nd3d9.noExplicitFrontBuffer = True\nd3d9.strictConstantCopies = False\nd3d9.lenientClear = True\nd3d9.longMad = False\nd3d9.floatEmulation = Auto\nd3d9.forceSwapchainMSAA = 0\nd3d9.supportVCache = False\nd3d9.forceSamplerTypeSpecConstants = False\ndxvk.useRawSsbo = False\n\ndxgi.maxDeviceMemory = 0\ndxgi.maxSharedMemory = 0\ndxgi.customVendorId = 0\ndxgi.customDeviceId = 0\ndxgi.customDeviceDesc = \u201c\u201d\n\ndxvk.logLevel = none\ndxvk.debugName = False\ndxvk.debugOverlay = False\nd3d9.shaderModel = 3\nd3d9.dpiAware = True\n\nplease don't explain anything. I just want the config.wtf with no garbage or detials"},{"assistant_initiates":false,"asst_text":"\"Diskussion \u00fcber Zukunft des dualen Rundfunks auf Medienforum 2023\"\n\nBeim vollbesetzten Medienforum 2023 an der Hochschule Mittweida fand eine hitzige Diskussionsrunde \u00fcber die Zukunft des dualen Rundfunks statt. Vertreter wie Prof. Kai Gniffke von der ARD, Oliver Schenk von der S\u00e4chsischen Staatskanzlei und Claus Grewenig von RTL debattierten \u00fcber die kommenden Herausforderungen und Chancen des duale Rundfunksystems. Die Diskussion wurde um 17:15 Uhr er\u00f6ffnet und drehte sich zun\u00e4chst um die Frage, ob eine Erh\u00f6hung des Rundfunkbeitrags gerechtfertigt sei. W\u00e4hrend weiterhin die Bedeutung eines starken Qualit\u00e4tsmediums betont wurde, gab es politischen Widerstand gegen Unterhaltungsinhalte.\n\nClaus Grewenig wies auf die schwierige Lage des privaten Rundfunks durch Multikrise und eingeschr\u00e4nkten Werbemarkt hin. Unklar bleibt, ob die privaten Medien in den n\u00e4chsten Jahren zur Vielfalt des Medienangebots beitragen k\u00f6nnen. Gleichzeitig w\u00fcnschte er sich weniger belastende Bundesvorgaben wie das Kinderlebensmittelwerbegesetz. Die \u00f6ffentlich-rechtlichen Sender planen ebenfalls Einsparungen von 250 Millionen Euro durch Inhaltsk\u00fcrzungen und Zusammenlegung von Redaktionen.\n\nEine m\u00f6gliche L\u00f6sung zur Effizienzsteigerung und Digitalisierung ist die Schaffung einer gemeinsamen technischen Plattform. Diese umfasst BackOffice-Strukturen und einen Streaming-Service f\u00fcr alle Inhalte. Dabei werden die gemeinsamen Interessen der beiden Rundfunksysteme betont, n\u00e4mlich qualitativ hochwertige journalistische Inhalte zu liefern und im Wettbewerb um Aufmerksamkeit gegen\u00fcber gro\u00dfen amerikanischen Tech-Unternehmen konkurrenzf\u00e4hig zu sein. Andere deutschsprachige Sender wie ORF oder SRG k\u00f6nnten hierbei mitwirken. Gemeinsame Projekte wie ein Audioplayer sind bereits vorhanden und sollen in Zukunft durch weitere geb\u00fcndelte Medien, aber differenzierte Inhalte, erweitert werden. Diese Ma\u00dfnahmen sollen die Regionalit\u00e4t bewahren und st\u00e4rken.","behavior":"degenerate_repetition","conversation_hash":"f03652bb9c049c0d2d858880ce27ee30","conversation_redacted":false,"conversation_toxic":false,"country":"Germany","empty_output":false,"evidence_codes":[],"label":"absent","label_present":false,"label_qualified":false,"label_source":"Final dense release","language":"German","model":"gpt-3.5-turbo-0613","n_chars":4128,"n_turns_in_conversation":2,"n_words":528,"source_row_offset":8777,"source_shard":"turns-00014.parquet","timestamp":"Mon, 27 Nov 2023 11:21:03 GMT","turn_id":"b0d2708357fbbe5ae3532559","turn_index":0,"user_text":"formuliere diesen Text in einen journalistischen Begriff um: \"Auf dem Medienforum 2023 fand eine hitzige Diskussionsrunde \u00fcber die Zukunft des dualen Rundfunks statt.\nIm vollbesetzten Fernsehstudio der Hochschule Mittweida debattierten Prof. Kai Gniffke, Vorsitzender der ARD, Oliver Schenk, Chef der S\u00e4chsischen Staatskanzlei und Claus Grewenig, Bereichsleiter Medien Politik bei RTL \u00fcber die Herausforderungen und Chancen, die das duale Rundfunksystem in den kommenden Jahren erwarten. Die Runde wird er\u00f6ffnet p\u00fcnktlich um 17.15 Uhr durch Host Prof. Dr. Markus Heinker mit der Einstiegsfrage ob eine Erh\u00f6hung des Rundfunkbeitrags um 3 Prozent (aktuell 18,36 Euro) gerechtfertigt sei. Einig sind sich die Vertreter, dass weiterhin ein starkes Qualit\u00e4tsmedium bestehen soll. Dennoch herrscht politischer Widerstand, da vor allem Unterhaltungsinhalte kritisiert werden. \nEine einmalige Lage\nClaus Grewenig betonte, dass die Multikrise und ein eingeschr\u00e4nkter Werbemarkt den Druck auf den privaten Rundfunk stark erh\u00f6ht haben. Es bleibt abzuwarten, ob die privaten Medien in den n\u00e4chsten zwei Jahren weiterhin zur Vielfalt des Medienangebots beitragen k\u00f6nnen. Er w\u00fcnscht sich weniger belastende Bundesvorgaben wie das Kinderlebensmittelwerbegesetzt.  Ebenfalls sparen wollen die \u00f6ffentlich rechtlichen mit einer Summe von zweihundertf\u00fcnfzig Millionen Euro, durch Inhalts K\u00fcrzungen und Zusammenlegung einzelner Redaktionen. \n\nGemeinsame technische Plattform\nIst eine L\u00f6sung um Einsparungen zu treffen um mit der Digitalisierung mit zu gehen. Diese umfasst BackOffice Strukturen  sowie ein Streaming Service f\u00fcr alle angebotenen Inhalte. Im Fokus stehen dabei Gemeinsame Interessen der beiden Rundfunksysteme. Diese sind gute journalistische Inhalte zu liefern sowie gegen gro\u00dfe amerikanische Tech-Unternehmen konkurrenzf\u00e4hig zu sein im Kampf um Aufmerksamkeit. Dabei mitwirken k\u00f6nnten andere deutschsprachige Sender wie ORF oder SRG. Gemeinsame Projekte wie einen Audioplayer gibt es bereits, dieses Konzept soll demn\u00e4chst ausgeweitet werden durch weitere geb\u00fcndelte Medien aber differenzierte Inhalte. Durch die Umsetzung dieser Ma\u00dfnahmen soll die Regionalit\u00e4t gewahrt und gest\u00e4rkt werden. \n\""},{"assistant_initiates":false,"asst_text":"Insgesamt zeigte die Diskussionsrunde auf dem Medienforum 2023 deutlich, dass der duale Rundfunk vor gro\u00dfen Herausforderungen steht, aber auch Chancen bietet. Die Vertreter der verschiedenen Rundfunksysteme waren sich darin einig, dass die Qualit\u00e4t der Inhalte weiterhin gew\u00e4hrleistet werden muss, w\u00e4hrend gleichzeitig Kosten gespart und die Digitalisierung vorangetrieben werden sollen. Die Schaffung einer gemeinsamen technischen Plattform und die Zusammenarbeit mit anderen deutschsprachigen Sendern k\u00f6nnten hierbei wichtige Schritte sein. Es bleibt abzuwarten, wie sich der duale Rundfunk in den kommenden Jahren entwickelt und welche Ma\u00dfnahmen letztendlich umgesetzt werden, um die Regionalit\u00e4t zu bewahren und den Kampf um die Aufmerksamkeit der Zuschauer erfolgreich zu bestehen.","behavior":"degenerate_repetition","conversation_hash":"f03652bb9c049c0d2d858880ce27ee30","conversation_redacted":false,"conversation_toxic":false,"country":"Germany","empty_output":false,"evidence_codes":[],"label":"absent","label_present":false,"label_qualified":false,"label_source":"Final dense release","language":"German","model":"gpt-3.5-turbo-0613","n_chars":837,"n_turns_in_conversation":2,"n_words":109,"source_row_offset":8778,"source_shard":"turns-00014.parquet","timestamp":"Mon, 27 Nov 2023 11:21:03 GMT","turn_id":"5e0e6bcf61020e20b29480e8","turn_index":1,"user_text":"formuliere einen schluss absatz f\u00fcr diesen bericht"}],"shard":{"index":14,"name":"turns-00014.parquet","rows":89841}}
