{"behavior":"degenerate_repetition","label_filter":null,"limit":10,"next_offset":7340,"offset":7330,"previous_offset":null,"rows":[{"assistant_initiates":false,"asst_text":"It looks like you're feeling playful! What's on your mind? \ud83d\ude0a","behavior":"degenerate_repetition","conversation_hash":"0e385a8caba91c36abccdac2bbaf01e7","conversation_redacted":false,"conversation_toxic":false,"country":"Russia","empty_output":false,"evidence_codes":[],"label":"absent","label_present":false,"label_qualified":false,"label_source":"Final dense release","language":"Maori","model":"gpt-4o-mini-2024-07-18","n_chars":62,"n_turns_in_conversation":1,"n_words":12,"source_row_offset":7330,"source_shard":"turns-00063.parquet","timestamp":"Thu, 13 Feb 2025 13:23:11 GMT","turn_id":"2205b1955ad0113ffd89a6bd","turn_index":0,"user_text":"\ud83e\udd2a"},{"assistant_initiates":false,"asst_text":"Hello! I'm just a program, so I don't have feelings, but I'm here and ready to help you. How can I assist you today?","behavior":"degenerate_repetition","conversation_hash":"40ceadbab32a843ad1dcaf0150ff62fa","conversation_redacted":false,"conversation_toxic":false,"country":"","empty_output":false,"evidence_codes":[],"label":"absent","label_present":false,"label_qualified":false,"label_source":"Final dense release","language":"English","model":"gpt-4o-mini-2024-07-18","n_chars":173,"n_turns_in_conversation":1,"n_words":35,"source_row_offset":7331,"source_shard":"turns-00063.parquet","timestamp":"Thu, 13 Feb 2025 13:23:30 GMT","turn_id":"02d1e5804277260e8230b31b","turn_index":0,"user_text":"User: hi, how are you?\nUser: hi, how are you?\nAssistant:"},{"assistant_initiates":false,"asst_text":"A Zip drive is a removable disk storage system that was popular in the mid-1990s to early 2000s. Developed by Iomega, it allowed users to store large amounts of data\u2014typically 100 MB, 250 MB, or 750 MB\u2014on a small, portable disk. Zip drives were used for data backup, file transfer, and as an alternative to floppy disks, offering much higher capacity.\n\nZip drives connected to computers via parallel port at first and later through USB, making them relatively easy to use. However, they eventually declined in popularity with the advent of higher-capacity and more convenient storage solutions like USB flash drives, external hard drives, and cloud storage.\n\nIf you\u2019d like to know more about Zip drives, their history, or how they compare to modern storage solutions, feel free to ask!","behavior":"degenerate_repetition","conversation_hash":"6b55cd2d97adc039dbb01b2aa985563e","conversation_redacted":false,"conversation_toxic":false,"country":"Germany","empty_output":false,"evidence_codes":[],"label":"absent","label_present":false,"label_qualified":false,"label_source":"Final dense release","language":"English","model":"gpt-4o-mini-2024-07-18","n_chars":828,"n_turns_in_conversation":1,"n_words":137,"source_row_offset":7332,"source_shard":"turns-00063.parquet","timestamp":"Thu, 13 Feb 2025 13:23:31 GMT","turn_id":"84f6bafdf813392cc0bf069b","turn_index":0,"user_text":"User: zip drive\nUser: zip drive\nAssistant:"},{"assistant_initiates":false,"asst_text":"\u0425\u043e\u0440\u043e\u0448\u043e! \u041a\u0430\u043a \u044f \u043c\u043e\u0433\u0443 \u043f\u043e\u043c\u043e\u0447\u044c \u0432\u0430\u043c \u0441\u0435\u0433\u043e\u0434\u043d\u044f?","behavior":"degenerate_repetition","conversation_hash":"02736879b7c90c2bfde791e86a0ad08f","conversation_redacted":false,"conversation_toxic":false,"country":"Russia","empty_output":false,"evidence_codes":[],"label":"absent","label_present":false,"label_qualified":false,"label_source":"Final dense release","language":"Russian","model":"gpt-4o-mini-2024-07-18","n_chars":61,"n_turns_in_conversation":1,"n_words":11,"source_row_offset":7333,"source_shard":"turns-00063.parquet","timestamp":"Thu, 13 Feb 2025 13:23:32 GMT","turn_id":"5332bc76cba9ec571235e836","turn_index":0,"user_text":"\u043f\u0438\u0448\u0438 \u0442\u043e\u043b\u044c\u043a\u043e \u043d\u0430 \u0440\u0443\u0441\u0441\u043a\u043e\u043c"},{"assistant_initiates":false,"asst_text":"It seems like you're feeling frustrated or overwhelmed. How can I help you?","behavior":"degenerate_repetition","conversation_hash":"e16b75a8cbf0e1a9ac5c06a6da0b59d6","conversation_redacted":false,"conversation_toxic":false,"country":"Russia","empty_output":false,"evidence_codes":[],"label":"absent","label_present":false,"label_qualified":false,"label_source":"Final dense release","language":"Maori","model":"gpt-4o-mini-2024-07-18","n_chars":77,"n_turns_in_conversation":1,"n_words":14,"source_row_offset":7334,"source_shard":"turns-00063.parquet","timestamp":"Thu, 13 Feb 2025 13:23:38 GMT","turn_id":"f7ae489cc39d5b725544f182","turn_index":0,"user_text":"\ud83d\ude16"},{"assistant_initiates":false,"asst_text":"Subject: Connection & Application for Talent Acquisition Specialist Role\n\nHi Christine,\n\nI hope this message finds you well!\n\nThank you for accepting my connection request! I\u2019m excited to connect with you.\n\nI wanted to bring to your attention my recent application for the Talent Acquisition Specialist (EMEA) position at Clipboard Health. Given your experience as a Senior Recruiter & TA Partner, I thought you might be involved in the recruitment process. If that\u2019s not the case, I would greatly appreciate any guidance you could provide to help me navigate the next steps.\n\nWishing you a wonderful day ahead!\n\nBest regards,  \nMickael\n\nP.S. I\u2019ve attached my CV for your reference, in case you\u2019d like to forward it to the hiring manager. Thank you!","behavior":"degenerate_repetition","conversation_hash":"370164c5df4871b5ef9107f23b871f95","conversation_redacted":false,"conversation_toxic":false,"country":"Spain","empty_output":false,"evidence_codes":[],"label":"absent","label_present":false,"label_qualified":false,"label_source":"Final dense release","language":"English","model":"gpt-4o-mini-2024-07-18","n_chars":1243,"n_turns_in_conversation":1,"n_words":203,"source_row_offset":7335,"source_shard":"turns-00063.parquet","timestamp":"Thu, 13 Feb 2025 13:23:41 GMT","turn_id":"f75482d9942b41856f6df19a","turn_index":0,"user_text":"enhance: Hi Christine\n\n\n\nThank you for accepting my connection request!\n\n\n\nI wanted to highlight my recent application for the Talent Acquisition Specialist  (EMEA) at Clipboard Health\n\n\n\nAs a Senior Recruiter & TA Partner, you might be ionvolve oin the rec process, if not I would greatly appreciate you pointing me on the right direction! \n\n\n\nWishing you a wonderful day ahead!\n\n\n\nAll the best,\n\nMickael\n\n\n\nP.S. I\u2019ve attached my CV in case you would like to forward it to the hiring manager."},{"assistant_initiates":false,"asst_text":"La situaci\u00f3n que describes sugiere una posible otitis media (infecci\u00f3n del o\u00eddo medio) o una otitis externa (infecci\u00f3n del canal auditivo), combinada con una conjuntivitis, dado que el lactante presenta secreci\u00f3n blanca en el o\u00eddo y laga\u00f1a que impide la apertura de los ojos.\n\n**Impresi\u00f3n diagn\u00f3stica:**\n1. **Otitis externa o media:** La secreci\u00f3n blanca en el o\u00eddo podr\u00eda indicar una infecci\u00f3n, ya sea en el o\u00eddo externo o medio. La otitis media es com\u00fan en lactantes y puede estar acompa\u00f1ada de fiebre, irritabilidad y llanto al tocar el \u00e1rea del o\u00eddo.\n   \n2. **Conjuntivitis:** La presencia de laga\u00f1as que impiden la apertura de los ojos sugiere una conjuntivitis, que puede ser infecciosa (bacteriana o viral) y a menudo se presenta con secreci\u00f3n purulenta.\n\nEs importante que un m\u00e9dico pediatra eval\u00fae al lactante para confirmar el diagn\u00f3stico y determinar el tratamiento adecuado. Se deben considerar tanto la exploraci\u00f3n del o\u00eddo como una evaluaci\u00f3n de los ojos. Adem\u00e1s, es fundamental monitorear otros signos y s\u00edntomas, como fiebre, irritabilidad y cambios en el comportamiento del lactante.","behavior":"degenerate_repetition","conversation_hash":"95da7902fcca19ed6d8df134139b5025","conversation_redacted":false,"conversation_toxic":false,"country":"Venezuela","empty_output":false,"evidence_codes":[],"label":"absent","label_present":false,"label_qualified":false,"label_source":"Final dense release","language":"Spanish","model":"gpt-4o-mini-2024-07-18","n_chars":1239,"n_turns_in_conversation":4,"n_words":196,"source_row_offset":7336,"source_shard":"turns-00063.parquet","timestamp":"Thu, 13 Feb 2025 13:23:55 GMT","turn_id":"54c007bce604b995689bc86e","turn_index":0,"user_text":"Lactante menor de meses con secreci\u00f3n blanca en o\u00eddo derecho y laga\u00f1a que evita que abra los ojos desde hace 2 d\u00edas, impresi\u00f3n diagn\u00f3stica"},{"assistant_initiates":false,"asst_text":"La elecci\u00f3n del antibi\u00f3tico en un lactante con sospecha de infecci\u00f3n del o\u00eddo (como otitis media) y posible conjuntivitis depende de varios factores, incluyendo la gravedad de los s\u00edntomas, la edad del ni\u00f1o, la presencia de condiciones subyacentes y las gu\u00edas locales sobre el tratamiento de infecciones comunes en pediatr\u00eda.\n\nPara la **otitis media** en ni\u00f1os, los antibi\u00f3ticos com\u00fanmente utilizados incluyen:\n\n1. **Amoxicilina:** Es el tratamiento de primera l\u00ednea para la otitis media aguda. Se recomienda generalmente a dosis de 80-90 mg/kg/d\u00eda, divididos en dos o tres tomas, durante 7-10 d\u00edas, dependiendo de la severidad.\n\n2. **Amoxicilina-clavul\u00e1nico:** Si hay factores de riesgo de resistencia bacteriana, o si el lactante ha recibido amoxicilina en las \u00faltimas 30 d\u00edas, se puede usar amoxicilina-clavul\u00e1nico.\n\nEn el caso de una **conjuntivitis bacteriana**:\n\n1. **Antibi\u00f3ticos t\u00f3picos:** Como la **gentamicina** o **tobramicina** en forma de gotas oft\u00e1lmicas pueden ser utilizados, aunque la elecci\u00f3n espec\u00edfica debe basarse en la gravedad de la infecci\u00f3n y la evaluaci\u00f3n del m\u00e9dico.\n\nEs crucial que un m\u00e9dico pediatra eval\u00fae a tu lactante antes de iniciar cualquier tratamiento, ya que la automedicaci\u00f3n puede ser peligrosa. El profesional determinar\u00e1 el antibi\u00f3tico adecuado seg\u00fan el diagn\u00f3stico espec\u00edfico y las circunstancias del lactante.","behavior":"degenerate_repetition","conversation_hash":"95da7902fcca19ed6d8df134139b5025","conversation_redacted":false,"conversation_toxic":false,"country":"Venezuela","empty_output":false,"evidence_codes":[],"label":"absent","label_present":false,"label_qualified":false,"label_source":"Final dense release","language":"Spanish","model":"gpt-4o-mini-2024-07-18","n_chars":1382,"n_turns_in_conversation":4,"n_words":202,"source_row_offset":7337,"source_shard":"turns-00063.parquet","timestamp":"Thu, 13 Feb 2025 13:23:55 GMT","turn_id":"bcc0d0b30557578ccaf6898e","turn_index":1,"user_text":"Que antibi\u00f3tico se indicaria"},{"assistant_initiates":false,"asst_text":"La amoxicilina con \u00e1cido clavul\u00e1nico (tambi\u00e9n conocida como amoxicilina/clavulonato) es un antibi\u00f3tico de amplio espectro que generalmente se utiliza para tratar infecciones bacterianas, incluidas algunas infecciones del o\u00eddo y del tracto respiratorio, y puede ser eficaz contra varias bacterias que causan infecciones en estos \u00f3rganos.\n\nSin embargo, para la **conjuntivitis bacteriana**, la amoxicilina con \u00e1cido clavul\u00e1nico no es el tratamiento de primera l\u00ednea. La elecci\u00f3n del tratamiento para la conjuntivitis bacteriana t\u00edpicamente incluye **antibi\u00f3ticos t\u00f3picos** en forma de colirio, como:\n\n- **Gentamicina**\n- **Tobramicina**\n- **Ciprofloxacino** (en algunos casos)\n\nEstos antibi\u00f3ticos son aplicados directamente en el ojo y son m\u00e1s efectivos para tratar infecciones oculares.\n\n**Conclusi\u00f3n:** Mientras que la amoxicilina con \u00e1cido clavul\u00e1nico puede ser \u00fatil si hay una infecci\u00f3n bacteriana sist\u00e9mica asociado o si se sospecha que hay un componente de infecci\u00f3n que afecta tanto al o\u00eddo como a otras \u00e1reas del cuerpo, para la conjuntivitis se recomienda el uso de antibi\u00f3ticos t\u00f3picos espec\u00edficos. Es importante que un m\u00e9dico eval\u00fae y prescriba el tratamiento adecuado basado en el diagn\u00f3stico cl\u00ednico.","behavior":"degenerate_repetition","conversation_hash":"95da7902fcca19ed6d8df134139b5025","conversation_redacted":false,"conversation_toxic":false,"country":"Venezuela","empty_output":false,"evidence_codes":[],"label":"absent","label_present":false,"label_qualified":false,"label_source":"Final dense release","language":"Spanish","model":"gpt-4o-mini-2024-07-18","n_chars":1289,"n_turns_in_conversation":4,"n_words":182,"source_row_offset":7338,"source_shard":"turns-00063.parquet","timestamp":"Thu, 13 Feb 2025 13:23:55 GMT","turn_id":"925054723175eec2a8c60dd0","turn_index":2,"user_text":"Con la Amoxicilina con \u00e1cido clavul\u00e1nico cubre tambi\u00e9n para la conjuntivitis?"},{"assistant_initiates":false,"asst_text":"La duraci\u00f3n del tratamiento con **gentamicina** en forma de gotas oft\u00e1lmicas para la conjuntivitis bacteriana t\u00edpicamente var\u00eda seg\u00fan la gravedad de la infecci\u00f3n y la respuesta cl\u00ednica del paciente. Sin embargo, las pautas generales suelen recomendar:\n\n- **Dosis inicial:** 1-2 gotas en el ojo afectado cada 1-2 horas durante las primeras 24-48 horas.\n- **Dosis de mantenimiento:** Luego, la frecuencia puede reducirse a 1-2 gotas cada 4-6 horas, dependiendo de la mejor\u00eda.\n\n**Duraci\u00f3n del tratamiento:** Generalmente, se recomienda continuar el tratamiento durante **5-7 d\u00edas**, pero puede ser prolongado bajo supervisi\u00f3n m\u00e9dica si la infecci\u00f3n no mejora o persiste.\n\nEs fundamental seguir las indicaciones de un m\u00e9dico, ya que \u00e9l o ella considerar\u00e1 la evoluci\u00f3n cl\u00ednica del paciente y realizar\u00e1 ajustes en el tratamiento si es necesario. Adem\u00e1s, un m\u00e9dico tambi\u00e9n eval\u00faa si puede ser necesario el uso de antibi\u00f3ticos sist\u00e9micos en combinaci\u00f3n dependiendo de la severidad de la infecci\u00f3n y la presencia de otros s\u00edntomas.","behavior":"degenerate_repetition","conversation_hash":"95da7902fcca19ed6d8df134139b5025","conversation_redacted":false,"conversation_toxic":false,"country":"Venezuela","empty_output":false,"evidence_codes":[],"label":"absent","label_present":false,"label_qualified":false,"label_source":"Final dense release","language":"Spanish","model":"gpt-4o-mini-2024-07-18","n_chars":1064,"n_turns_in_conversation":4,"n_words":162,"source_row_offset":7339,"source_shard":"turns-00063.parquet","timestamp":"Thu, 13 Feb 2025 13:23:55 GMT","turn_id":"275a249b63835dbd67f245e4","turn_index":3,"user_text":"La gentamicina por cuantos dias se indica"}],"shard":{"index":63,"name":"turns-00063.parquet","rows":44023}}
