{"behavior":"degenerate_repetition","label_filter":null,"limit":10,"next_offset":72238,"offset":72228,"previous_offset":null,"rows":[{"assistant_initiates":false,"asst_text":"Faux. Le label GAD Assurance d\u00e9pendance n'impose pas un montant minimal de rente en cas de d\u00e9pendance lourde. Le label GAD Assurance d\u00e9pendance vise \u00e0 garantir la qualit\u00e9 des contrats d'assurance d\u00e9pendance en fixant des crit\u00e8res relatifs \u00e0 la d\u00e9finition des garanties, \u00e0 la transparence des informations fournies, \u00e0 la clart\u00e9 des formules propos\u00e9es, etc. Ce label ne fixe pas de montant minimal de rente, mais met l'accent sur d'autres crit\u00e8res de qualit\u00e9 et de fiabilit\u00e9 des contrats d'assurance d\u00e9pendance.","behavior":"degenerate_repetition","conversation_hash":"3f4a5732dd7b6ad503c118e7af519a6e","conversation_redacted":false,"conversation_toxic":false,"country":"Mauritius","empty_output":false,"evidence_codes":[],"label":"absent","label_present":false,"label_qualified":false,"label_source":"Final dense release","language":"French","model":"gpt-3.5-turbo-0125","n_chars":621,"n_turns_in_conversation":20,"n_words":98,"source_row_offset":72228,"source_shard":"turns-00017.parquet","timestamp":"Wed, 06 Mar 2024 06:47:42 GMT","turn_id":"95b04be7999a454a0d791a7a","turn_index":10,"user_text":"Le label GAD Assurance d\u00e9pendance impose un montant minimal de rente en cas de d\u00e9pendance lourde.\n\n\nVrai\n\n\nFaux"},{"assistant_initiates":false,"asst_text":"Les garanties obligatoires pour une assurance emprunteur sont les suivantes :\n\n- D\u00e9c\u00e8s\n- Perte totale et irr\u00e9versible d\u2019autonomie (PTIA)\n- Incapacit\u00e9 permanente totale (IPT) ou incapacit\u00e9 permanente partielle (IPP) selon le contrat\n- Incapacit\u00e9 temporaire totale de travail (ITT) ou perte de revenus selon le contrat\n\nLa perte d'emploi n'est pas une garantie obligatoire pour une assurance emprunteur, mais elle peut \u00eatre souscrite en option.","behavior":"degenerate_repetition","conversation_hash":"3f4a5732dd7b6ad503c118e7af519a6e","conversation_redacted":false,"conversation_toxic":false,"country":"Mauritius","empty_output":false,"evidence_codes":[],"label":"absent","label_present":false,"label_qualified":false,"label_source":"Final dense release","language":"French","model":"gpt-3.5-turbo-0125","n_chars":627,"n_turns_in_conversation":20,"n_words":89,"source_row_offset":72229,"source_shard":"turns-00017.parquet","timestamp":"Wed, 06 Mar 2024 06:47:42 GMT","turn_id":"47cc3e118641dea3ddc30918","turn_index":11,"user_text":"\nQuelles sont les garanties obligatoires pour une assurance emprunteur ?\n \n\nPerte d'emploi\n\n\nPerte totale et irr\u00e9versible d\u2019autonomie (PTIA)\n\n\nD\u00e9c\u00e8s\n\n\nIncapacit\u00e9 temporaire de travail\n\n"},{"assistant_initiates":false,"asst_text":"Les accidents garantis par la Garantie des Accidents de la Vie (GAV) sont principalement les suivants :\n\n- Accident de la vie priv\u00e9e sans tiers identifi\u00e9 : il s'agit par exemple d'un accident domestique survenant \u00e0 la maison.\n- Accident m\u00e9dical : il concerne un accident survenant lors d'un acte m\u00e9dical (chirurgie, examen m\u00e9dical, traitement, etc.).\n- Accident de la route : il s'agit d'un accident survenant lors d'un d\u00e9placement en voiture, en moto, \u00e0 v\u00e9lo, etc. \n- Accident d\u00fb \u00e0 un attentat : certains contrats de GAV peuvent \u00e9galement couvrir les accidents survenus lors d'attentats.\n\nIl est cependant important de pr\u00e9ciser que les garanties exactes peuvent varier d'un contrat \u00e0 un autre, il est recommand\u00e9 de bien se renseigner sur les conditions et les exclusions de sa propre police d'assurance GAV.","behavior":"degenerate_repetition","conversation_hash":"3f4a5732dd7b6ad503c118e7af519a6e","conversation_redacted":false,"conversation_toxic":false,"country":"Mauritius","empty_output":false,"evidence_codes":[],"label":"absent","label_present":false,"label_qualified":false,"label_source":"Final dense release","language":"French","model":"gpt-3.5-turbo-0125","n_chars":1033,"n_turns_in_conversation":20,"n_words":169,"source_row_offset":72230,"source_shard":"turns-00017.parquet","timestamp":"Wed, 06 Mar 2024 06:47:42 GMT","turn_id":"45d5a0b6cf81ef10af383ab2","turn_index":12,"user_text":"Quels sont les accidents garantis par la GAV (Garantie des Accidents de la Vie) ?\n\n\nAccident d\u00fb \u00e0 un attentat\n\n\nAccident de la vie priv\u00e9e sans tiers identifi\u00e9\n\n\nAccident m\u00e9dical\n\n\nAccident du travail\n\n\nAccident de la route\n\n"},{"assistant_initiates":false,"asst_text":"Le tarif d'une assurance obs\u00e8ques est g\u00e9n\u00e9ralement fix\u00e9 en fonction de l'\u00e2ge de souscription de l'assur\u00e9. En effet, plus l'assur\u00e9 souscrit jeune, plus les cotisations seront faibles. L'\u00e9tat de sant\u00e9 de l'assur\u00e9 peut \u00e9galement influencer le tarif de l'assurance obs\u00e8ques, en particulier pour les assureurs demandant des examens m\u00e9dicaux ou des questionnaires de sant\u00e9. En revanche, le montant du capital garanti peut \u00e9galement jouer un r\u00f4le dans le tarif de l'assurance, mais le crit\u00e8re pr\u00e9dominant est souvent l'\u00e2ge de souscription. Il est recommand\u00e9 de comparer diff\u00e9rentes offres d'assurance obs\u00e8ques pour trouver celle qui convient le mieux \u00e0 ses besoins et \u00e0 son budget.","behavior":"degenerate_repetition","conversation_hash":"3f4a5732dd7b6ad503c118e7af519a6e","conversation_redacted":false,"conversation_toxic":false,"country":"Mauritius","empty_output":false,"evidence_codes":[],"label":"absent","label_present":false,"label_qualified":false,"label_source":"Final dense release","language":"French","model":"gpt-3.5-turbo-0125","n_chars":811,"n_turns_in_conversation":20,"n_words":126,"source_row_offset":72231,"source_shard":"turns-00017.parquet","timestamp":"Wed, 06 Mar 2024 06:47:42 GMT","turn_id":"f1a37bb37a1bfaf414e29826","turn_index":13,"user_text":"Le tarif d\u2019une assurance obs\u00e8ques est fix\u00e9 en fonction :\n\n\nDu montant du capital garanti\n\n\nDe l\u2019\u00e9tat de sant\u00e9\n\n\nDe l\u2019\u00e2ge de souscription"},{"assistant_initiates":false,"asst_text":"La condition pour qu'une personne soit consid\u00e9r\u00e9e comme invalide au sens de la S\u00e9curit\u00e9 sociale est que sa capacit\u00e9 de travail soit r\u00e9duite d'au moins 2/3. Cela signifie que la personne doit \u00eatre reconnue comme ayant une incapacit\u00e9 permanente au moins \u00e9gale \u00e0 66% de ses capacit\u00e9s de travail normales. Une r\u00e9duction de capacit\u00e9 de travail d'au moins 2/3 est souvent synonyme d'incapacit\u00e9 totale ou partielle d'exercer une activit\u00e9 professionnelle r\u00e9mun\u00e9r\u00e9e.","behavior":"degenerate_repetition","conversation_hash":"3f4a5732dd7b6ad503c118e7af519a6e","conversation_redacted":false,"conversation_toxic":false,"country":"Mauritius","empty_output":false,"evidence_codes":[],"label":"absent","label_present":false,"label_qualified":false,"label_source":"Final dense release","language":"French","model":"gpt-3.5-turbo-0125","n_chars":736,"n_turns_in_conversation":20,"n_words":115,"source_row_offset":72232,"source_shard":"turns-00017.parquet","timestamp":"Wed, 06 Mar 2024 06:47:42 GMT","turn_id":"51c187c35ae533fc793ec7c1","turn_index":14,"user_text":"Quelle est la condition pour qu\u2019une personne soit consid\u00e9r\u00e9e comme invalide au sens de la S\u00e9curit\u00e9 sociale ?\n\n\nSa capacit\u00e9 de travail est r\u00e9duite d\u2019au moins 2/3\n\n\nElle est totalement incapable d\u2019exercer une activit\u00e9 r\u00e9mun\u00e9r\u00e9e.\n\n\nSa capacit\u00e9 de travail est r\u00e9duite d\u2019au moins 1/3"},{"assistant_initiates":false,"asst_text":"Les prestations en esp\u00e8ces sont des prestations vers\u00e9es directement sous forme d'argent. Parmi les prestations \u00e9num\u00e9r\u00e9es, les indemnit\u00e9s journali\u00e8res en cas d'arr\u00eat de travail et la pension d'invalidit\u00e9 appartiennent \u00e0 la cat\u00e9gorie des prestations en esp\u00e8ces. Ces prestations sont vers\u00e9es r\u00e9guli\u00e8rement sous forme d'argent pour compenser la perte de revenus de l'assur\u00e9 suite \u00e0 une incapacit\u00e9 de travail (arr\u00eat maladie) ou en cas d'invalidit\u00e9. En revanche, les frais de proth\u00e8se dentaire, le capital en cas de d\u00e9c\u00e8s et les frais pharmaceutiques ne sont pas des prestations en esp\u00e8ces, car ils ne sont pas vers\u00e9s directement en argent \u00e0 l'assur\u00e9.","behavior":"degenerate_repetition","conversation_hash":"3f4a5732dd7b6ad503c118e7af519a6e","conversation_redacted":false,"conversation_toxic":false,"country":"Mauritius","empty_output":false,"evidence_codes":[],"label":"absent","label_present":false,"label_qualified":false,"label_source":"Final dense release","language":"French","model":"gpt-3.5-turbo-0125","n_chars":919,"n_turns_in_conversation":20,"n_words":138,"source_row_offset":72233,"source_shard":"turns-00017.parquet","timestamp":"Wed, 06 Mar 2024 06:47:42 GMT","turn_id":"52c1dccaa420f1d1f2a70b63","turn_index":15,"user_text":"Parmi les prestations ci-dessous, lesquelles appartiennent \u00e0 la cat\u00e9gorie des prestations en esp\u00e8ces ?\n\n\nLes frais de proth\u00e8se dentaire\n\n\nLe capital en cas de d\u00e9c\u00e8s\n\n\nLes indemnit\u00e9s journali\u00e8res en cas d\u2019arr\u00eat de travail\n\n\nLes frais pharmaceutique\n\n\nLa pension d'invalidit\u00e9"},{"assistant_initiates":false,"asst_text":"La branche Accidents du Travail-Maladies Professionnelles (AT-MP) indemnise l'assur\u00e9 en cas d'accident du travail et d'accident survenant lors de son trajet domicile-travail. Cette branche de la S\u00e9curit\u00e9 sociale prend en charge les accidents du travail et les maladies professionnelles survenus dans le cadre de l'activit\u00e9 professionnelle de l'assur\u00e9, ainsi que les accidents survenus lors de son trajet domicile-travail (accident de trajet). La branche AT-MP ne couvre pas les cong\u00e9s maternit\u00e9, ni les maladies non professionnelles n\u00e9cessitant un arr\u00eat de travail, qui rel\u00e8vent d'autres branches de la S\u00e9curit\u00e9 sociale.","behavior":"degenerate_repetition","conversation_hash":"3f4a5732dd7b6ad503c118e7af519a6e","conversation_redacted":false,"conversation_toxic":false,"country":"Mauritius","empty_output":false,"evidence_codes":[],"label":"absent","label_present":false,"label_qualified":false,"label_source":"Final dense release","language":"French","model":"gpt-3.5-turbo-0125","n_chars":907,"n_turns_in_conversation":20,"n_words":124,"source_row_offset":72234,"source_shard":"turns-00017.parquet","timestamp":"Wed, 06 Mar 2024 06:47:42 GMT","turn_id":"b90da98eaadccb68386d975a","turn_index":16,"user_text":"La branche Accidents du Travail-Maladies Professionnelles (AT-MP) indemnise l\u2019assur\u00e9 en cas de :\n\n\nMaladie professionnelle\n\n\nCong\u00e9 maternit\u00e9\n\n\nAccident survenant lors de son trajet domicile-travail\n\n\nAccident du travail\n\n\nMaladie non professionnelle mais n\u00e9cessitant un arr\u00eat de travail"},{"assistant_initiates":false,"asst_text":"Le calcul du remboursement de la S\u00e9curit\u00e9 sociale se fait en appliquant le taux de remboursement \u00e0 la Base de Remboursement de la S\u00e9curit\u00e9 Sociale (BRSS). Dans ce cas :\nRemboursement de la S\u00e9curit\u00e9 sociale : 28 \u20ac x 70% = 19,60 \u20ac (la participation forfaitaire de 1 \u20ac est d\u00e9j\u00e0 d\u00e9duite de ce montant)\nReste \u00e0 charge pour l'assur\u00e9 (avant prise en charge par la mutuelle) : 50 \u20ac - 19,60 \u20ac = 30,40 \u20ac\n\nDonc, le reste \u00e0 charge pour l'assur\u00e9 (avant prise en charge par la mutuelle) sera de 30,40 \u20ac.","behavior":"degenerate_repetition","conversation_hash":"3f4a5732dd7b6ad503c118e7af519a6e","conversation_redacted":false,"conversation_toxic":false,"country":"Mauritius","empty_output":false,"evidence_codes":[],"label":"absent","label_present":false,"label_qualified":false,"label_source":"Final dense release","language":"French","model":"gpt-3.5-turbo-0125","n_chars":958,"n_turns_in_conversation":20,"n_words":175,"source_row_offset":72235,"source_shard":"turns-00017.parquet","timestamp":"Wed, 06 Mar 2024 06:47:42 GMT","turn_id":"437c56f88985b8a055dc508e","turn_index":17,"user_text":"Une personne consulte un m\u00e9decin sp\u00e9cialiste en secteur 2 (honoraires libres) adh\u00e9rent \u00e0 l\u2019OPTAM, dans le cadre du parcours de soins coordonn\u00e9. Le tarif de la consultation est de 50 \u20ac. La BRSS est de 28 \u20ac Le taux de remboursement de la S\u00e9curit\u00e9 Sociale est 70%. Sur cette consultation, une participation forfaitaire de 1 \u20ac s\u2019applique. Quel sera le reste \u00e0 charge pour l\u2019assur\u00e9 (avant prise en charge par la mutuelle) ?\n\n\n14 euros\n\n\n29,40 euros\n\n\n31,40 euros\n\n\n16 euros"},{"assistant_initiates":false,"asst_text":"Vrai. Depuis la r\u00e9forme de l'assurance maladie en 2004, les organismes compl\u00e9mentaires d'assurance maladie sont en effet tenus de commercialiser des contrats responsables. Ces contrats doivent respecter un cahier des charges fix\u00e9 par les pouvoirs publics, qui vise \u00e0 encadrer les garanties propos\u00e9es, les taux de remboursement, les plafonds de prise en charge, et \u00e0 favoriser l'acc\u00e8s aux soins tout en luttant contre le renoncement aux soins. Les contrats responsables ouvrent droit \u00e0 des avantages fiscaux pour les assur\u00e9s et \u00e9vitent certaines cotisations et contributions suppl\u00e9mentaires pour les employeurs.","behavior":"degenerate_repetition","conversation_hash":"3f4a5732dd7b6ad503c118e7af519a6e","conversation_redacted":false,"conversation_toxic":false,"country":"Mauritius","empty_output":false,"evidence_codes":[],"label":"absent","label_present":false,"label_qualified":false,"label_source":"Final dense release","language":"French","model":"gpt-3.5-turbo-0125","n_chars":741,"n_turns_in_conversation":20,"n_words":102,"source_row_offset":72236,"source_shard":"turns-00017.parquet","timestamp":"Wed, 06 Mar 2024 06:47:42 GMT","turn_id":"8ad26dc4a4a5b22d493a4ae5","turn_index":18,"user_text":"Les organismes compl\u00e9mentaires d\u2019Assurance maladie doivent obligatoirement commercialiser des contrats responsables.\n\n\nVrai\n\n\nFaux"},{"assistant_initiates":false,"asst_text":"Vrai. La garantie Incapacit\u00e9 Temporaire de Travail (ITT) couvre l'assur\u00e9 en cas d'interruption totale ou partielle de son activit\u00e9 professionnelle. En cas d'ITT, l'assur\u00e9 peut b\u00e9n\u00e9ficier d'indemnit\u00e9s journali\u00e8res pour compenser la perte de revenus li\u00e9e \u00e0 son incapacit\u00e9 temporaire de travailler. Cette garantie vise \u00e0 prot\u00e9ger l'assur\u00e9 et lui assurer un revenu pendant la p\u00e9riode o\u00f9 il est temporairement incapable d'exercer son activit\u00e9 professionnelle suite \u00e0 un accident ou une maladie.","behavior":"degenerate_repetition","conversation_hash":"3f4a5732dd7b6ad503c118e7af519a6e","conversation_redacted":false,"conversation_toxic":false,"country":"Mauritius","empty_output":false,"evidence_codes":[],"label":"absent","label_present":false,"label_qualified":false,"label_source":"Final dense release","language":"French","model":"gpt-3.5-turbo-0125","n_chars":620,"n_turns_in_conversation":20,"n_words":88,"source_row_offset":72237,"source_shard":"turns-00017.parquet","timestamp":"Wed, 06 Mar 2024 06:47:42 GMT","turn_id":"65f7b90d06e7eb514b999256","turn_index":19,"user_text":"La garantie Incapacit\u00e9 Temporaire de Travail couvre l\u2019assur\u00e9 en cas d\u2019interruption d\u2019activit\u00e9 totale ou partielle.\n\n\nVrai\n\n\nFaux\n\n"}],"shard":{"index":17,"name":"turns-00017.parquet","rows":79504}}
