{"behavior":"degenerate_repetition","label_filter":null,"limit":10,"next_offset":4923,"offset":4913,"previous_offset":null,"rows":[{"assistant_initiates":false,"asst_text":"Another important theme in both the book *The Freedom Writers Diary* and the movie *Freedom Writers* is transformation, but it is shown in different ways. In the book, transformation happens gradually as the students open up through their writing. For example, in their journal entries, students reflect on how journaling helps them express their emotions, deal with their struggles, and imagine better futures for themselves. This process feels personal because readers see the changes directly through the students' words. In the movie, transformation is shown through key moments, like when Erin Gruwell takes the students on a field trip to a Holocaust museum or they come together to raise money for visits from guest speakers. These dramatic events show the class growing closer as a group. While the book highlights the students\u2019 individual growth over time, the movie focuses on group changes and the big breakthroughs they experience together. Both show how the students change for the better, but the book feels more personal, while the movie uses visual moments to communicate transformation.","behavior":"degenerate_repetition","conversation_hash":"61d79578f2f8ec9ea18735284803f930","conversation_redacted":false,"conversation_toxic":false,"country":"United States","empty_output":false,"evidence_codes":[],"label":"absent","label_present":false,"label_qualified":false,"label_source":"Final dense release","language":"English","model":"gpt-4o-2024-11-20","n_chars":1261,"n_turns_in_conversation":15,"n_words":195,"source_row_offset":4913,"source_shard":"turns-00056.parquet","timestamp":"Tue, 17 Dec 2024 19:19:50 GMT","turn_id":"fdaf4bef3eca22dcd0275f06","turn_index":13,"user_text":"Body paragraph comparing & contrasting how theme(s) is shown in movie vs. text \ninclude EVIDENCE and COMMENTARY (explain the similarities and/or differences\n"},{"assistant_initiates":false,"asst_text":"Another important theme in both the book *The Freedom Writers Diary* and the movie *Freedom Writers* is transformation, though it is shown differently in each. In the book, the students reflect on their gradual transformations through their journal entries. One student writes about how journaling helped them work through pain from losing loved ones to gang violence, while another shares how writing gave them the confidence to dream of going to college. These personal stories show how transformation happens over time and through the students\u2019 own efforts. In the movie, transformation is shown through group experiences led by Erin Gruwell. For example, the students go on a field trip to a Holocaust museum, where they connect the stories of Holocaust survivors to their own struggles, inspiring them to change their perspectives on life. These moments in the movie emphasize the group's collective growth. Both the book and movie explore transformation, but the book focuses deeply on individual growth, while the movie highlights big, shared moments that bring the group together. The book provides more personal insight, while the movie uses dramatic scenes to portray change.","behavior":"degenerate_repetition","conversation_hash":"61d79578f2f8ec9ea18735284803f930","conversation_redacted":false,"conversation_toxic":false,"country":"United States","empty_output":false,"evidence_codes":[],"label":"absent","label_present":false,"label_qualified":false,"label_source":"Final dense release","language":"English","model":"gpt-4o-2024-11-20","n_chars":1210,"n_turns_in_conversation":15,"n_words":188,"source_row_offset":4914,"source_shard":"turns-00056.parquet","timestamp":"Tue, 17 Dec 2024 19:19:50 GMT","turn_id":"ac2a2efadebf95a712a2e57a","turn_index":14,"user_text":"EVIDENCE and COMMENTARY "},{"assistant_initiates":false,"asst_text":"[\n    {\"a\u00e7\u00e3o\": \"Tornar sem efeito Nomea\u00e7\u00e3o\", \"Nome\": \"DANIEL GUERRA LOPES\", \"Cargo\": \"T\u00e9cnico Judici\u00e1rio, \u00c1rea Administrativa, N\u00edvel Intermedi\u00e1rio, Classe 'A', Padr\u00e3o 01\"}\n]","behavior":"degenerate_repetition","conversation_hash":"0bc49ff2b190b99a541ca585d53df9ba","conversation_redacted":false,"conversation_toxic":false,"country":"Germany","empty_output":false,"evidence_codes":[],"label":"absent","label_present":false,"label_qualified":false,"label_source":"Final dense release","language":"Portuguese","model":"gpt-4o-mini-2024-07-18","n_chars":1997,"n_turns_in_conversation":1,"n_words":249,"source_row_offset":4915,"source_shard":"turns-00056.parquet","timestamp":"Tue, 17 Dec 2024 19:20:02 GMT","turn_id":"b059fad9d4a490ef3f3c47d4","turn_index":0,"user_text":"\n                        Usando o seguinte texto:\n                        ATO N\u00ba 1.876, DE 31 DE OUTUBRO DE 2023O PRESIDENTE DO TRIBUNAL REGIONAL FEDERAL DA 1\u00aa REGI\u00c3O, no uso de suas atribui\u00e7\u00f5es legais e regimentais, e tendo em vista o constante nos autos do PAe 0007376-98.2018.4.01.8000-TRF1, resolve:TORNAR SEM EFEITO, em decorr\u00eancia de desist\u00eancia expressa, a nomea\u00e7\u00e3o do candidato DANIEL GUERRA LOPES, feita pelo ATO PRESI 1808/2023, de 26/10/2023, publicado no Di\u00e1rio Oficial da Uni\u00e3o de 30/10/2023, Se\u00e7\u00e3o II, para o cargo de T\u00e9cnico Judici\u00e1rio, \u00c1rea Administrativa, N\u00edvel Intermedi\u00e1rio, Classe \"A\", Padr\u00e3o 01, do Quadro de Pessoal da Justi\u00e7a Federal de Primeiro Grau, Sede da Se\u00e7\u00e3o Judici\u00e1ria do Amazonas.Des. JOS\u00c9 AMILCAR DE QUEIROZ MACHADO\n                        Retorne os resultados da seguinte forma:\n                        [\n                            {\"a\u00e7\u00e3o\": \"a\u00e7\u00e3o realizada\",\"Nome\":\"Nome do servidor(se houver)\", \"Cargo\": \"Cargo do servidor (se houver)\"},{\"a\u00e7\u00e3o\": \"a\u00e7\u00e3o realizada\",\"Nome\":\"Nome do servidor(se houver)\", \"Cargo\": \"Cargo do servidor (se houver)\"},\n                        ] \n                        Repita o padr\u00e3o se houver mais de uma a\u00e7\u00e3o.\n\n                        considere como a\u00e7\u00e3o somente os seguintes termos: Nomeado, Vac\u00e2ncia, redistribuido, aposentadoria, Deixar Vago, Licen\u00e7a, Lotar, Afastamento,Reverter, Designar, Tornar sem efeito Nomea\u00e7\u00e3o, Tornar sem efeito vac\u00e2ncia, Remover, Afastar, Demitir, Ceder, Remover, Ceder, Dispensa, Exonerar, Substituir, Reconduzir,Falecimento e Posse . N\u00e3o considere como a\u00e7\u00e3o nenhum termo fora da lista especificada; se nenhum termo casar com os crit\u00e9rios da lista, deixe o campo em branco.\n\n                        Esses documentos ser\u00e3o utilizados em um projeto importante, portanto retorne somente os resultados solicitados corretos e nada mais.\n                    "},{"assistant_initiates":false,"asst_text":"[\n    {\"a\u00e7\u00e3o\": \"Nomear\", \"Nome\": \"ALEXANDRE BRUNO ARAUJO DA SILVA\", \"Cargo\": \"T\u00e9cnico Judici\u00e1rio, \u00c1rea Administrativa, N\u00edvel Intermedi\u00e1rio, Classe \\\"A\\\", padr\u00e3o 01\"}\n]","behavior":"degenerate_repetition","conversation_hash":"2446f3a125d0f299c4434c19f098f156","conversation_redacted":false,"conversation_toxic":false,"country":"Tajikistan","empty_output":false,"evidence_codes":[],"label":"absent","label_present":false,"label_qualified":false,"label_source":"Final dense release","language":"Portuguese","model":"gpt-4o-mini-2024-07-18","n_chars":2150,"n_turns_in_conversation":1,"n_words":276,"source_row_offset":4916,"source_shard":"turns-00056.parquet","timestamp":"Tue, 17 Dec 2024 19:20:14 GMT","turn_id":"e5bb4e7a69339fcb86301dbe","turn_index":0,"user_text":"\n                        Usando o seguinte texto:\n                        ATO N\u00ba 1.878, DE 31 DE OUTUBRO DE 2023O PRESIDENTE DO TRIBUNAL REGIONAL FEDERAL DA 1\u00aa REGI\u00c3O, no uso de suas atribui\u00e7\u00f5es legais e regimentais, e tendo em vista o constante nos autos do PAe 0007376-98.2018.4.01.8000-TRF1, resolve:NOMEAR, nos termos dos arts. 9\u00ba, I, e 10 da Lei 8.112/1990, c/c a Lei 11.416/2006, o candidato ALEXANDRE BRUNO ARAUJO DA SILVA, aprovado no 7\u00ba Concurso P\u00fablico realizado pelo Tribunal Regional Federal da 1\u00aa Regi\u00e3o, em conv\u00eanio com o CEBRASPE, para exercer o cargo efetivo de T\u00e9cnico Judici\u00e1rio, \u00c1rea Administrativa, N\u00edvel Intermedi\u00e1rio, Classe \"A\", padr\u00e3o 01, pertencente ao Quadro de Pessoal da Justi\u00e7a Federal de Primeiro Grau, Sede da Se\u00e7\u00e3o Judici\u00e1ria do Amazonas, em cargo vago decorrente da posse em outro cargo inacumul\u00e1vel de Ant\u00f4nio Karlos Duarte Souto J\u00fanior.Des. JOS\u00c9 AMILCAR DE QUEIROZ MACHADO\n                        Retorne os resultados da seguinte forma:\n                        [\n                            {\"a\u00e7\u00e3o\": \"a\u00e7\u00e3o realizada\",\"Nome\":\"Nome do servidor(se houver)\", \"Cargo\": \"Cargo do servidor (se houver)\"},{\"a\u00e7\u00e3o\": \"a\u00e7\u00e3o realizada\",\"Nome\":\"Nome do servidor(se houver)\", \"Cargo\": \"Cargo do servidor (se houver)\"},\n                        ] \n                        Repita o padr\u00e3o se houver mais de uma a\u00e7\u00e3o.\n\n                        considere como a\u00e7\u00e3o somente os seguintes termos: Nomeado, Vac\u00e2ncia, redistribuido, aposentadoria, Deixar Vago, Licen\u00e7a, Lotar, Afastamento,Reverter, Designar, Tornar sem efeito Nomea\u00e7\u00e3o, Tornar sem efeito vac\u00e2ncia, Remover, Afastar, Demitir, Ceder, Remover, Ceder, Dispensa, Exonerar, Substituir, Reconduzir,Falecimento e Posse . N\u00e3o considere como a\u00e7\u00e3o nenhum termo fora da lista especificada; se nenhum termo casar com os crit\u00e9rios da lista, deixe o campo em branco.\n\n                        Esses documentos ser\u00e3o utilizados em um projeto importante, portanto retorne somente os resultados solicitados corretos e nada mais.\n                    "},{"assistant_initiates":false,"asst_text":"[\n    {\"a\u00e7\u00e3o\": \"Nomear\", \"Nome\": \"LIVIA MARQUES BATISTA\", \"Cargo\": \"T\u00e9cnico Judici\u00e1rio, \u00c1rea Administrativa\"},\n    {\"a\u00e7\u00e3o\": \"Deixar Vago\", \"Nome\": \"Gustavo Ribeiro de Almeida Lima\", \"Cargo\": \"Cargo inacumul\u00e1vel\"}\n]","behavior":"degenerate_repetition","conversation_hash":"20565d9fb642f0a025a6d529a9210f53","conversation_redacted":false,"conversation_toxic":false,"country":"South Korea","empty_output":false,"evidence_codes":[],"label":"absent","label_present":false,"label_qualified":false,"label_source":"Final dense release","language":"Portuguese","model":"gpt-4o-mini-2024-07-18","n_chars":2528,"n_turns_in_conversation":1,"n_words":324,"source_row_offset":4917,"source_shard":"turns-00056.parquet","timestamp":"Tue, 17 Dec 2024 19:20:33 GMT","turn_id":"237c5149b143dea069e9637e","turn_index":0,"user_text":"\n                        Usando o seguinte texto:\n                        ATO N\u00ba 1.859, DE 31 DE OUTUBRO DE 2023O PRESIDENTE DO TRIBUNAL REGIONAL FEDERAL DA 1\u00aa REGI\u00c3O no uso de suas atribui\u00e7\u00f5es legais e regimentais e tendo em vista o constante nos autos do PAe 0045956-61.2022.4.01.8000, considerando o contido no Edital 16962954, que trata do resultado final do processo seletivo para preenchimento de cargos vagos de T\u00e9cnico Judici\u00e1rio, \u00c1rea Administrativa, existentes na localidade de Bras\u00edlia, oferecido aos candidatos aprovados nas localidades constantes no Edital 16717546, publicado na Biblioteca Digital da Justi\u00e7a Federal da Primeira Regi\u00e3o de 19/10/2022, resolve:NOMEAR, nos termos dos arts. 9\u00ba, I, e 10 da Lei 8.112/1990, c/c a Lei 11.416/2006, a candidata LIVIA MARQUES BATISTA, aprovada no 7\u00ba Concurso P\u00fablico realizado pelo Tribunal Regional Federal da 1\u00aa Regi\u00e3o, em conv\u00eanio com o CEBRASPE, para exercer o cargo efetivo de T\u00e9cnico Judici\u00e1rio, \u00c1rea Administrativa, N\u00edvel Intermedi\u00e1rio, Classe \"A\", padr\u00e3o 01, pertencente ao Quadro de Pessoal do Tribunal Regional Federal da Primeira Regi\u00e3o, em cargo vago decorrente da posse em outro cargo inacumul\u00e1vel de Gustavo Ribeiro de Almeida Lima.Des. JOS\u00c9 AMILCAR DE QUEIROZ MACHADO\n                        Retorne os resultados da seguinte forma:\n                        [\n                            {\"a\u00e7\u00e3o\": \"a\u00e7\u00e3o realizada\",\"Nome\":\"Nome do servidor(se houver)\", \"Cargo\": \"Cargo do servidor (se houver)\"},{\"a\u00e7\u00e3o\": \"a\u00e7\u00e3o realizada\",\"Nome\":\"Nome do servidor(se houver)\", \"Cargo\": \"Cargo do servidor (se houver)\"},\n                        ] \n                        Repita o padr\u00e3o se houver mais de uma a\u00e7\u00e3o.\n\n                        considere como a\u00e7\u00e3o somente os seguintes termos: Nomeado, Vac\u00e2ncia, redistribuido, aposentadoria, Deixar Vago, Licen\u00e7a, Lotar, Afastamento,Reverter, Designar, Tornar sem efeito Nomea\u00e7\u00e3o, Tornar sem efeito vac\u00e2ncia, Remover, Afastar, Demitir, Ceder, Remover, Ceder, Dispensa, Exonerar, Substituir, Reconduzir,Falecimento e Posse . N\u00e3o considere como a\u00e7\u00e3o nenhum termo fora da lista especificada; se nenhum termo casar com os crit\u00e9rios da lista, deixe o campo em branco.\n\n                        Esses documentos ser\u00e3o utilizados em um projeto importante, portanto retorne somente os resultados solicitados corretos e nada mais.\n                    "},{"assistant_initiates":false,"asst_text":"[\n    {\"a\u00e7\u00e3o\": \"Nomear\", \"Nome\": \"ABSOLON SILVA DE SALES\", \"Cargo\": \"Analista Judici\u00e1rio, \u00c1rea Judici\u00e1ria, N\u00edvel Superior, Classe 'A', padr\u00e3o 01\"},\n    {\"a\u00e7\u00e3o\": \"aposentadoria\", \"Nome\": \"Francisco de Assis Jorge Lacerda\", \"Cargo\": \"\"}\n]","behavior":"degenerate_repetition","conversation_hash":"f1fc46c2c93270c07768111092908489","conversation_redacted":false,"conversation_toxic":false,"country":"Egypt","empty_output":false,"evidence_codes":[],"label":"absent","label_present":false,"label_qualified":false,"label_source":"Final dense release","language":"Portuguese","model":"gpt-4o-mini-2024-07-18","n_chars":2228,"n_turns_in_conversation":1,"n_words":289,"source_row_offset":4918,"source_shard":"turns-00056.parquet","timestamp":"Tue, 17 Dec 2024 19:20:39 GMT","turn_id":"614ddfabc64177290e451ad4","turn_index":0,"user_text":"\n                        Usando o seguinte texto:\n                        ATO N\u00ba 1.865, DE 31 DE OUTUBRO DE 2023O PRESIDENTE DO TRIBUNAL REGIONAL FEDERAL DA 1\u00aa REGI\u00c3O, no uso de suas atribui\u00e7\u00f5es legais e regimentais, e tendo em vista o constante nos autos do PAe 0007386-45.2018.4.01.8000, resolve:NOMEAR, nos termos dos arts. 9\u00ba, I, e 10 da Lei 8.112/1990, c/c a Lei 11.416/2006, e de acordo com a Lei 12.990/2014 c/c a Resolu\u00e7\u00e3o 203/2015-CNJ, o candidato ABSOLON SILVA DE SALES, aprovado no 7\u00ba Concurso P\u00fablico realizado pelo Tribunal Regional Federal da 1\u00aa Regi\u00e3o em conv\u00eanio com o CEBRASPE, para exercer o cargo efetivo de Analista Judici\u00e1rio, \u00c1rea Judici\u00e1ria, N\u00edvel Superior, Classe \"A\", padr\u00e3o 01, pertencente ao Quadro de Pessoal da Justi\u00e7a Federal de Primeiro Grau, Sede da Se\u00e7\u00e3o Judici\u00e1ria de Rond\u00f4nia, em decorr\u00eancia da aposentadoria de Francisco de Assis Jorge Lacerda.Des. JOS\u00c9 AMILCAR DE QUEIROZ MACHADO\n                        Retorne os resultados da seguinte forma:\n                        [\n                            {\"a\u00e7\u00e3o\": \"a\u00e7\u00e3o realizada\",\"Nome\":\"Nome do servidor(se houver)\", \"Cargo\": \"Cargo do servidor (se houver)\"},{\"a\u00e7\u00e3o\": \"a\u00e7\u00e3o realizada\",\"Nome\":\"Nome do servidor(se houver)\", \"Cargo\": \"Cargo do servidor (se houver)\"},\n                        ] \n                        Repita o padr\u00e3o se houver mais de uma a\u00e7\u00e3o.\n\n                        considere como a\u00e7\u00e3o somente os seguintes termos: Nomeado, Vac\u00e2ncia, redistribuido, aposentadoria, Deixar Vago, Licen\u00e7a, Lotar, Afastamento,Reverter, Designar, Tornar sem efeito Nomea\u00e7\u00e3o, Tornar sem efeito vac\u00e2ncia, Remover, Afastar, Demitir, Ceder, Remover, Ceder, Dispensa, Exonerar, Substituir, Reconduzir,Falecimento e Posse . N\u00e3o considere como a\u00e7\u00e3o nenhum termo fora da lista especificada; se nenhum termo casar com os crit\u00e9rios da lista, deixe o campo em branco.\n\n                        Esses documentos ser\u00e3o utilizados em um projeto importante, portanto retorne somente os resultados solicitados corretos e nada mais.\n                    "},{"assistant_initiates":false,"asst_text":"Prototaxites, the giant prehistoric fungal structures that existed during the Late Silurian to Late Devonian period (about 420 to 370 million years ago), were some of the tallest organisms at the time, reaching heights of over 8 meters (26 feet) and widths up to a meter (3 feet). If descendants of these fungal giants never went extinct and continued to evolve alongside plants, animals, and other life on Earth, the planet would look vastly different today in many fascinating ways.\n\nHere\u2019s a speculative description of an alternate Earth where Prototaxites or similar fungal megastructures thrived into the modern age:\n\n---\n\n### **Ecological Impact**\n1. **Dominance of Fungus in Ecosystems**: \n   Prototaxites descendants could form towering fungal forests alongside traditional trees, or in some regions, they may even replace forests altogether. These massive fungi might dominate ecosystems as keystone organisms, sustaining a variety of life forms that depend on fungal symbiosis for nutrients and habitat.\n\n2. **Carbon Cycle and Decomposition**: \n   Fungi play a crucial role in Earth's carbon cycle by breaking down organic material. A world with massive fungal structures would have hyper-efficient decomposition processes, possibly altering the balance we know between carbon sequestration, oxygen production, and atmospheric CO2 levels. Plants might face competition from fungi for space and resources, potentially altering the evolution of flora.\n\n3. **Fungal Symbiosis with Flora and Fauna**: \n   In this alternate Earth, vast fungal networks could extend underground (similar to modern mycorrhizal networks), connecting plants and distributing nutrients in unprecedented ways. Animals might also rely even more on fungi for food, shelter, and medicine. Entire ecosystems could evolve to depend on these fungal megastructures.\n\n---\n\n### **Evolutionary Developments**\n4. **Diverse Prototaxites Descendant Forms**: \n   Over millions of years, Prototaxites might have diversified into a range of giant fungal forms adapted to different environments. Some species might resemble modern trees, with durable fungal trunks and cap-like canopies. Others could develop hardened surfaces to withstand environmental pressures or evolve bioluminescent properties in areas where light is scarce.\n\n5. **Intensified Coevolution**: \n   Animals and plants would have likely coevolved with Prototaxites-like fungi. Fungivory\u2014feeding on fungi\u2014might be as common as herbivory or carnivory. Insects, mammals, and even birds could specialize in living within or feeding on these fungi. Some species may have evolved to help disperse fungal spores in exchange for food or shelter.\n\n---\n\n### **Impacts on Civilization**\n6. **Fungi in Agriculture and Industry**: \n   Humanity's relationship with fungi would likely be deeply integrated into civilization. Massive Prototaxites-like fungi could be cultivated as food sources, building materials, or even sources of biofuel. Mushroom farming might rival agriculture in importance\u2014entire fungal-based economies could exist.\n\n7. **Cultural Significance**: \n   Prototaxites might play a significant role in human mythology, folklore, and religion. Towering fungal structures might be seen as sacred, symbolic, or otherworldly by many cultures, inspiring works of art and architecture. Buildings or cities themselves might mimic the forms of giant fungi.\n\n8. **Urban Ecosystems with Fungal Forests**: \n   Fungal megastructures might develop within urban environments, providing shade, purifying the air, and breaking down organic waste. Cities could be designed around these giant fungi as a natural extension of urban infrastructure.\n\n---\n\n### **Altered Landscapes**\n9. **Fungal Forests and Biomes**: \n   In areas where Prototaxites thrive, the landscape would look alien compared to the Earth we know. Instead of dense tree canopies, some regions might feature colossal mushrooms stretching into the sky. These fungal forests could dominate swamps, wetlands, or nutrient-poor soils where fungi outcompete plants. High-altitude or darker environments might become suitable habitats for light-independent fungal growth.\n\n10. **Bioluminescence**: \n   Descendants of Prototaxites might evolve bioluminescent capabilities, creating glowing fungal landscapes in twilight or nighttime conditions. Creatures specialized to navigate or hunt in these environments might evolve specialized sensory organs attuned to fungal light.\n\n---\n\n### **Potential Challenges**\n11. **Fungal Overgrowth and Pathogens**: \n   The dominance of fungal life could bring risks, such as rapid overgrowth under the right conditions. Massive fungal blooms might occur, potentially threatening other ecosystems. Human populations might be exposed to more fungal spores, increasing the prevalence of diseases caused by fungi.\n\n12. **Fungal Invasion of Infrastructure**: \n   Fungi are already notorious for breaking down organic and inorganic materials alike. In a world dominated by giant fungal structures, maintaining infrastructure might be more challenging as fungal growth invades buildings, roads, and vehicles.\n\n---\n\n### In Summary:\nAn Earth where Prototaxites descendants never went extinct would combine elements of both the familiar and the alien. Towering fungal forests could fundamentally reshape ecosystems, foster new coevolutionary relationships, and even alter the trajectory of human civilization. Life on this planet would have adapted to a fungal kingdom that rivals plants and animals in dominance, creating an interconnected, symbiotic world unlike anything we see today. The sheer scale and diversity of Prototaxites and its descendants would make Earth a truly unique, otherworldly place.","behavior":"degenerate_repetition","conversation_hash":"9a171c73ca6e53d565e638b29c60e12e","conversation_redacted":false,"conversation_toxic":false,"country":"Russia","empty_output":false,"evidence_codes":[],"label":"absent","label_present":false,"label_qualified":false,"label_source":"Final dense release","language":"English","model":"gpt-4o-2024-11-20","n_chars":5804,"n_turns_in_conversation":1,"n_words":806,"source_row_offset":4919,"source_shard":"turns-00056.parquet","timestamp":"Tue, 17 Dec 2024 19:20:48 GMT","turn_id":"ca94a44e47823b941ef3fe06","turn_index":0,"user_text":"Describe alternate current Earth if there were descendants of prototaxites never went extinct"},{"assistant_initiates":false,"asst_text":"[\n    {\"a\u00e7\u00e3o\": \"Designar\", \"Nome\": \"Otavio Augusto Carvalho Tavares\", \"Cargo\": \"T\u00e9cnico Judici\u00e1rio, \u00c1rea Judici\u00e1ria\"}\n]","behavior":"degenerate_repetition","conversation_hash":"73bf0bcbee9bb0bf1387e9b9a41684bb","conversation_redacted":false,"conversation_toxic":false,"country":"United States","empty_output":false,"evidence_codes":[],"label":"absent","label_present":false,"label_qualified":false,"label_source":"Final dense release","language":"Portuguese","model":"gpt-4o-mini-2024-07-18","n_chars":1823,"n_turns_in_conversation":1,"n_words":226,"source_row_offset":4920,"source_shard":"turns-00056.parquet","timestamp":"Tue, 17 Dec 2024 19:20:49 GMT","turn_id":"d24bccab70da28c98fc0cf1e","turn_index":0,"user_text":"\n                        Usando o seguinte texto:\n                        PORTARIA N\u00ba 842, DE 24 DE OUTUBRO DE 2023O DIRETOR-GERAL DA SECRETARIA DO TRIBUNAL SUPERIOR ELEITORAL, com base no inciso XV do art. 116 do Regulamento Interno e no inciso II do art. 1\u00ba da Portaria TSE n\u00ba 654, de 24 de agosto de 2023, resolve:Art. 1\u00ba Fica designado Otavio Augusto Carvalho Tavares, T\u00e9cnico Judici\u00e1rio, \u00c1rea Judici\u00e1ria, para exercer a fun\u00e7\u00e3o comissionada de Assistente II, N\u00edvel FC-2, da Secretaria Judici\u00e1ria, da Secretaria-Geral da Presid\u00eancia.Art. 2\u00ba Esta portaria entra em vigor na data de sua publica\u00e7\u00e3o.ROG\u00c9RIO AUGUSTO VIANA GALLORO\n                        Retorne os resultados da seguinte forma:\n                        [\n                            {\"a\u00e7\u00e3o\": \"a\u00e7\u00e3o realizada\",\"Nome\":\"Nome do servidor(se houver)\", \"Cargo\": \"Cargo do servidor (se houver)\"},{\"a\u00e7\u00e3o\": \"a\u00e7\u00e3o realizada\",\"Nome\":\"Nome do servidor(se houver)\", \"Cargo\": \"Cargo do servidor (se houver)\"},\n                        ] \n                        Repita o padr\u00e3o se houver mais de uma a\u00e7\u00e3o.\n\n                        considere como a\u00e7\u00e3o somente os seguintes termos: Nomeado, Vac\u00e2ncia, redistribuido, aposentadoria, Deixar Vago, Licen\u00e7a, Lotar, Afastamento,Reverter, Designar, Tornar sem efeito Nomea\u00e7\u00e3o, Tornar sem efeito vac\u00e2ncia, Remover, Afastar, Demitir, Ceder, Remover, Ceder, Dispensa, Exonerar, Substituir, Reconduzir,Falecimento e Posse . N\u00e3o considere como a\u00e7\u00e3o nenhum termo fora da lista especificada; se nenhum termo casar com os crit\u00e9rios da lista, deixe o campo em branco.\n\n                        Esses documentos ser\u00e3o utilizados em um projeto importante, portanto retorne somente os resultados solicitados corretos e nada mais.\n                    "},{"assistant_initiates":false,"asst_text":"[\n    {\"a\u00e7\u00e3o\": \"Dispensa\", \"Nome\": \"Eduardo Fleury Nogueira\", \"Cargo\": \"Analista Judici\u00e1rio, \u00c1rea Apoio Especializado, An\u00e1lise de Sistemas\"},\n    {\"a\u00e7\u00e3o\": \"Dispensa\", \"Nome\": \"Camila Melo Oliveira\", \"Cargo\": \"T\u00e9cnica Judici\u00e1ria, \u00c1rea Administrativa\"},\n    {\"a\u00e7\u00e3o\": \"Designar\", \"Nome\": \"Camila Melo Oliveira\", \"Cargo\": \"T\u00e9cnica Judici\u00e1ria, \u00c1rea Administrativa\"},\n    {\"a\u00e7\u00e3o\": \"Designar\", \"Nome\": \"Eduardo Fleury Nogueira\", \"Cargo\": \"Analista Judici\u00e1rio, \u00c1rea Apoio Especializado, An\u00e1lise de Sistemas\"}\n]","behavior":"degenerate_repetition","conversation_hash":"1c478bb5285e764af061d2915b7cb1cf","conversation_redacted":false,"conversation_toxic":false,"country":"United States","empty_output":false,"evidence_codes":[],"label":"absent","label_present":false,"label_qualified":false,"label_source":"Final dense release","language":"Portuguese","model":"gpt-4o-mini-2024-07-18","n_chars":3009,"n_turns_in_conversation":1,"n_words":382,"source_row_offset":4921,"source_shard":"turns-00056.parquet","timestamp":"Tue, 17 Dec 2024 19:21:06 GMT","turn_id":"9367cc3444e3fa96930c9eda","turn_index":0,"user_text":"\n                        Usando o seguinte texto:\n                        PORTARIA N\u00ba 828, DE 18 DE OUTUBRO DE 2023O DIRETOR-GERAL DA SECRETARIA DO TRIBUNAL SUPERIOR ELEITORAL, com base no inciso XV do art. 116 do Regulamento Interno e no inciso II do art. 1\u00ba da Portaria TSE n\u00ba 654, de 24 de agosto de 2023, resolve:Art. 1\u00ba Ficam dispensados:I - Eduardo Fleury Nogueira, Analista Judici\u00e1rio, \u00c1rea Apoio Especializado, An\u00e1lise de Sistemas, da fun\u00e7\u00e3o comissionada de Chefe de N\u00facleo I, N\u00edvel FC-5, do N\u00facleo Estrat\u00e9gico de Gest\u00e3o de Portif\u00f3lio e Compliance da Secretaria de Tecnologia da Informa\u00e7\u00e3o, da Secretaria do Tribunal;II - Camila Melo Oliveira, T\u00e9cnica Judici\u00e1ria, \u00c1rea Administrativa, da fun\u00e7\u00e3o comissionada de Assistente III, N\u00edvel FC-3, da Secretaria de Tecnologia da Informa\u00e7\u00e3o, da Secretaria do Tribunal.Art. 2\u00ba Ficam designados:I - Camila Melo Oliveira, T\u00e9cnica Judici\u00e1ria, \u00c1rea Administrativa, para exercer a fun\u00e7\u00e3o comissionada de Chefe de N\u00facleo I, N\u00edvel FC-5, do N\u00facleo Estrat\u00e9gico de Gest\u00e3o de Portif\u00f3lio e Compliance, da Secretaria de Tecnologia da Informa\u00e7\u00e3o, da Secretaria do Tribunal;II - Eduardo Fleury Nogueira, Analista Judici\u00e1rio, \u00c1rea Apoio Especializado, An\u00e1lise de Sistemas, para exercer a fun\u00e7\u00e3o comissionada de Assistente III, N\u00edvel FC-3, da Secretaria de Tecnologia da Informa\u00e7\u00e3o, da Secretaria do Tribunal.Art. 3\u00ba Esta portaria entra em vigor na data de sua publica\u00e7\u00e3o.ROG\u00c9RIO AUGUSTO VIANA GALLORO\n                        Retorne os resultados da seguinte forma:\n                        [\n                            {\"a\u00e7\u00e3o\": \"a\u00e7\u00e3o realizada\",\"Nome\":\"Nome do servidor(se houver)\", \"Cargo\": \"Cargo do servidor (se houver)\"},{\"a\u00e7\u00e3o\": \"a\u00e7\u00e3o realizada\",\"Nome\":\"Nome do servidor(se houver)\", \"Cargo\": \"Cargo do servidor (se houver)\"},\n                        ] \n                        Repita o padr\u00e3o se houver mais de uma a\u00e7\u00e3o.\n\n                        considere como a\u00e7\u00e3o somente os seguintes termos: Nomeado, Vac\u00e2ncia, redistribuido, aposentadoria, Deixar Vago, Licen\u00e7a, Lotar, Afastamento,Reverter, Designar, Tornar sem efeito Nomea\u00e7\u00e3o, Tornar sem efeito vac\u00e2ncia, Remover, Afastar, Demitir, Ceder, Remover, Ceder, Dispensa, Exonerar, Substituir, Reconduzir,Falecimento e Posse . N\u00e3o considere como a\u00e7\u00e3o nenhum termo fora da lista especificada; se nenhum termo casar com os crit\u00e9rios da lista, deixe o campo em branco.\n\n                        Esses documentos ser\u00e3o utilizados em um projeto importante, portanto retorne somente os resultados solicitados corretos e nada mais.\n                    "},{"assistant_initiates":false,"asst_text":"[\n    {\"a\u00e7\u00e3o\": \"Dispensa\", \"Nome\": \"Pablo Leite\", \"Cargo\": \"T\u00e9cnico Judici\u00e1rio, \u00c1rea Administrativa\"},\n    {\"a\u00e7\u00e3o\": \"Designar\", \"Nome\": \"Reldmar Renan Vieira Massafera\", \"Cargo\": \"Assistente II, N\u00edvel FC-2\"}\n]","behavior":"degenerate_repetition","conversation_hash":"7d45976492f355e2d5df9ec3e59c4858","conversation_redacted":false,"conversation_toxic":false,"country":"United States","empty_output":false,"evidence_codes":[],"label":"absent","label_present":false,"label_qualified":false,"label_source":"Final dense release","language":"Portuguese","model":"gpt-4o-mini-2024-07-18","n_chars":2164,"n_turns_in_conversation":1,"n_words":277,"source_row_offset":4922,"source_shard":"turns-00056.parquet","timestamp":"Tue, 17 Dec 2024 19:21:11 GMT","turn_id":"e8d758cdb12a7c546d6d843c","turn_index":0,"user_text":"\n                        Usando o seguinte texto:\n                        PORTARIA N\u00ba 817, DE 16 DE OUTUBRO DE 2023O DIRETOR-GERAL DA SECRETARIA DO TRIBUNAL SUPERIOR ELEITORAL, com base no inciso XV do art. 116 do Regulamento Interno e no inciso II do art. 1\u00ba da Portaria TSE n\u00ba 654, de 24 de agosto de 2023, resolve:Art. 1\u00ba Fica dispensado Pablo Leite, T\u00e9cnico Judici\u00e1rio, \u00c1rea Administrativa, da fun\u00e7\u00e3o comissionada de Assistente II, N\u00edvel FC-2, da Secretaria de Gest\u00e3o de Pessoas, da Secretaria do Tribunal.Art. 2\u00ba Fica designado Reldmar Renan Vieira Massafera, do Quadro de Pessoal do Tribunal Regional Eleitoral de S\u00e3o Paulo, removido para este Tribunal, para exercer a fun\u00e7\u00e3o comissionada de Assistente II, N\u00edvel FC-2, da Secretaria de Gest\u00e3o de Pessoas, da Secretaria do Tribunal.Art. 3\u00ba Esta portaria entra em vigor na data de sua publica\u00e7\u00e3o.ROG\u00c9RIO AUGUSTO VIANA GALLORO\n                        Retorne os resultados da seguinte forma:\n                        [\n                            {\"a\u00e7\u00e3o\": \"a\u00e7\u00e3o realizada\",\"Nome\":\"Nome do servidor(se houver)\", \"Cargo\": \"Cargo do servidor (se houver)\"},{\"a\u00e7\u00e3o\": \"a\u00e7\u00e3o realizada\",\"Nome\":\"Nome do servidor(se houver)\", \"Cargo\": \"Cargo do servidor (se houver)\"},\n                        ] \n                        Repita o padr\u00e3o se houver mais de uma a\u00e7\u00e3o.\n\n                        considere como a\u00e7\u00e3o somente os seguintes termos: Nomeado, Vac\u00e2ncia, redistribuido, aposentadoria, Deixar Vago, Licen\u00e7a, Lotar, Afastamento,Reverter, Designar, Tornar sem efeito Nomea\u00e7\u00e3o, Tornar sem efeito vac\u00e2ncia, Remover, Afastar, Demitir, Ceder, Remover, Ceder, Dispensa, Exonerar, Substituir, Reconduzir,Falecimento e Posse . N\u00e3o considere como a\u00e7\u00e3o nenhum termo fora da lista especificada; se nenhum termo casar com os crit\u00e9rios da lista, deixe o campo em branco.\n\n                        Esses documentos ser\u00e3o utilizados em um projeto importante, portanto retorne somente os resultados solicitados corretos e nada mais.\n                    "}],"shard":{"index":56,"name":"turns-00056.parquet","rows":62667}}
