{"behavior":"degenerate_repetition","label_filter":null,"limit":10,"next_offset":47044,"offset":47034,"previous_offset":null,"rows":[{"assistant_initiates":false,"asst_text":"[\n    {\"a\u00e7\u00e3o\": \"Nomear\", \"Nome\": \"CLEBSON SANTOS DE MORAES\", \"Cargo\": \"Cargo em Comiss\u00e3o, C\u00f3digo CJ-01, de Diretor da Divis\u00e3o de Legisla\u00e7\u00e3o de Pessoal da Secretaria de Gest\u00e3o de Pessoas\"},\n    {\"a\u00e7\u00e3o\": \"Exonera\u00e7\u00e3o\", \"Nome\": \"Wagner Etelvino Ohana da Cunha\", \"Cargo\": \"\"}\n]","behavior":"degenerate_repetition","conversation_hash":"0f5436acf398b2d92dc9ad2346ad8a80","conversation_redacted":false,"conversation_toxic":false,"country":"United Kingdom","empty_output":false,"evidence_codes":[],"label":"absent","label_present":false,"label_qualified":false,"label_source":"Final dense release","language":"Portuguese","model":"gpt-4o-mini-2024-07-18","n_chars":2024,"n_turns_in_conversation":1,"n_words":256,"source_row_offset":47034,"source_shard":"turns-00055.parquet","timestamp":"Thu, 12 Dec 2024 20:47:28 GMT","turn_id":"a46eb433ad18bc5db9938d74","turn_index":0,"user_text":"\n                        Usando o seguinte texto:\n                        ATO N\u00ba 1.761, DE 17 DE OUTUBRO DE 2023O VICE-PRESIDENTE DO TRIBUNAL REGIONAL FEDERAL DA 1\u00aa REGI\u00c3O, NO EXERC\u00cdCIO DA PRESID\u00caNCIA, no uso de suas atribui\u00e7\u00f5es legais e regimentais, e tendo em vista o constante nos autos do PAe 0030901-36.2023.4.01.8000, resolve:NOMEAR o servidor CLEBSON SANTOS DE MORAES, T\u00e9cnico Judici\u00e1rio, \u00c1rea Administrativa, do Quadro de Pessoal deste Tribunal, para exercer o Cargo em Comiss\u00e3o, C\u00f3digo CJ-01, de Diretor da Divis\u00e3o de Legisla\u00e7\u00e3o de Pessoal da Secretaria de Gest\u00e3o de Pessoas, em decorr\u00eancia da exonera\u00e7\u00e3o de Wagner Etelvino Ohana da Cunha.Des. MARCOS AUGUSTO DE SOUSA\n                        Retorne os resultados da seguinte forma:\n                        [\n                            {\"a\u00e7\u00e3o\": \"a\u00e7\u00e3o realizada\",\"Nome\":\"Nome do servidor(se houver)\", \"Cargo\": \"Cargo do servidor (se houver)\"},{\"a\u00e7\u00e3o\": \"a\u00e7\u00e3o realizada\",\"Nome\":\"Nome do servidor(se houver)\", \"Cargo\": \"Cargo do servidor (se houver)\"},\n                        ] \n                        Repita o padr\u00e3o se houver mais de uma a\u00e7\u00e3o.\n\n                        considere como a\u00e7\u00e3o somente os seguintes termos: Nomeado, Vac\u00e2ncia, redistribuido, aposentadoria, Deixar Vago, Licen\u00e7a, Lotar, Afastamento,Reverter, Designar, Tornar sem efeito Nomea\u00e7\u00e3o, Tornar sem efeito vac\u00e2ncia, Remover, Afastar, Demitir, Ceder, Remover, Ceder, Dispensa, Exonerar, Substituir, Reconduzir,Falecimento e Posse . N\u00e3o considere como a\u00e7\u00e3o nenhum termo fora da lista especificada; se nenhum termo casar com os crit\u00e9rios da lista, deixe o campo em branco.\n\n                        Esses documentos ser\u00e3o utilizados em um projeto importante, portanto retorne somente os resultados solicitados corretos e nada mais.\n                    "},{"assistant_initiates":false,"asst_text":"[\n    {\"a\u00e7\u00e3o\": \"Designar\", \"Nome\": \"VAL\u00c9RIA COSTA FRAN\u00c7A\", \"Cargo\": \"Analista Judici\u00e1rio\"},\n]","behavior":"degenerate_repetition","conversation_hash":"ccd0151a663472eee331320433b56ad0","conversation_redacted":false,"conversation_toxic":false,"country":"China","empty_output":false,"evidence_codes":[],"label":"absent","label_present":false,"label_qualified":false,"label_source":"Final dense release","language":"Portuguese","model":"gpt-4o-mini-2024-07-18","n_chars":1778,"n_turns_in_conversation":1,"n_words":225,"source_row_offset":47035,"source_shard":"turns-00055.parquet","timestamp":"Thu, 12 Dec 2024 20:47:38 GMT","turn_id":"52497daf4bac090b88d87979","turn_index":0,"user_text":"\n                        Usando o seguinte texto:\n                        Portaria GDG N\u00ba 263, DE 11 DE outubro DE 2023O DIRETOR-GERAL DA SECRETARIA DO SUPREMO TRIBUNAL FEDERAL, no uso de suas atribui\u00e7\u00f5es e tendo em vista o art. 38, caput, da Lei n\u00ba 8.112, de 11 de dezembro de 1990, e o art. 28, IX, d, do Regulamento da Secretaria do Supremo Tribunal Federal, resolve:Designar, a contar de 5 de outubro de 2023, VAL\u00c9RIA COSTA FRAN\u00c7A, Analista Judici\u00e1rio, \u00e1rea Judici\u00e1ria, para exercer o encargo de substituta eventual do Supervisor II, n\u00edvel CJ-2, do N\u00facleo de Gerenciamento de Precedentes.EDUARDO S. TOLEDO\n                        Retorne os resultados da seguinte forma:\n                        [\n                            {\"a\u00e7\u00e3o\": \"a\u00e7\u00e3o realizada\",\"Nome\":\"Nome do servidor(se houver)\", \"Cargo\": \"Cargo do servidor (se houver)\"},{\"a\u00e7\u00e3o\": \"a\u00e7\u00e3o realizada\",\"Nome\":\"Nome do servidor(se houver)\", \"Cargo\": \"Cargo do servidor (se houver)\"},\n                        ] \n                        Repita o padr\u00e3o se houver mais de uma a\u00e7\u00e3o.\n\n                        considere como a\u00e7\u00e3o somente os seguintes termos: Nomeado, Vac\u00e2ncia, redistribuido, aposentadoria, Deixar Vago, Licen\u00e7a, Lotar, Afastamento,Reverter, Designar, Tornar sem efeito Nomea\u00e7\u00e3o, Tornar sem efeito vac\u00e2ncia, Remover, Afastar, Demitir, Ceder, Remover, Ceder, Dispensa, Exonerar, Substituir, Reconduzir,Falecimento e Posse . N\u00e3o considere como a\u00e7\u00e3o nenhum termo fora da lista especificada; se nenhum termo casar com os crit\u00e9rios da lista, deixe o campo em branco.\n\n                        Esses documentos ser\u00e3o utilizados em um projeto importante, portanto retorne somente os resultados solicitados corretos e nada mais.\n                    "},{"assistant_initiates":false,"asst_text":"[\n    {\"a\u00e7\u00e3o\": \"redistribuido\", \"Nome\": \"M\u00c1RCIO ALESSANDRO GUEDES DE SOUZA\", \"Cargo\": \"T\u00e9cnico Judici\u00e1rio, \u00c1rea Administrativa\"}\n]","behavior":"degenerate_repetition","conversation_hash":"eef4f9280e19348c78510bb15c1d02aa","conversation_redacted":false,"conversation_toxic":false,"country":"","empty_output":false,"evidence_codes":[],"label":"absent","label_present":false,"label_qualified":false,"label_source":"Final dense release","language":"Portuguese","model":"gpt-4o-mini-2024-07-18","n_chars":3199,"n_turns_in_conversation":1,"n_words":423,"source_row_offset":47036,"source_shard":"turns-00055.parquet","timestamp":"Thu, 12 Dec 2024 20:47:39 GMT","turn_id":"626aece3a1198b1eaebc4f99","turn_index":0,"user_text":"\n                        Usando o seguinte texto:\n                        RESOLU\u00c7\u00c3O ADMINISTRATIVA N\u00ba RA 333, de 11 de outubro de 2023O Egr\u00e9gio Pleno do TRIBUNAL REGIONAL DO TRABALHO DA 11\u00aa REGI\u00c3O, em sess\u00e3o administrativa hoje realizada, sob a Presid\u00eancia do Excelent\u00edssimo Desembargador Audaliphal Hildebrando da Silva, com a presen\u00e7a dos Excelent\u00edssimos Desembargadores Solange Maria Santiago Morais, David Alves de Mello J\u00fanior, Eleonora de Souza Saunier, Lairto Jos\u00e9 Veloso, Vice-Presidente; Ormy da Concei\u00e7\u00e3o Dias Bentes, Jorge Alvaro Marques Guedes, Ruth Barbosa Sampaio, M\u00e1rcia Nunes da Silva Bessa, Alberto Bezerra de Melo; Ju\u00edzes Convocados Eulaide Maria Vilela Lins, Titular da 19\u00aa Vara do Trabalho de Manaus; Mauro Augusto Ponce de Le\u00e3o Braga, Titular da 5\u00aa Vara do Trabalho de Manaus; e da Excelent\u00edssima Vice-Procuradora-Chefe da PRT11, Gabriela Menezes Zacareli, no uso de suas atribui\u00e7\u00f5es legais e regimentais,CONSIDERANDO a solicita\u00e7\u00e3o formulada pelo Desembargador Presidente do Tribunal Regional Federal da 1\u00aa Regi\u00e3o, por meio do Of\u00edcio Presi 2386/2023, \u00e0s fls. 21;CONSIDERANDO a Informa\u00e7\u00e3o 1271/2023/DILEP/SGPES, o Parecer Jur\u00eddico 292/2023/SECJAD e as demais informa\u00e7\u00f5es constantes do Processo DP-11457/2023, resolve:Art. 1\u00ba Deferir a redistribui\u00e7\u00e3o do servidor M\u00c1RCIO ALESSANDRO GUEDES DE SOUZA, ocupante do cargo de T\u00e9cnico Judici\u00e1rio, \u00c1rea Administrativa, sem Especialidade, pertencente ao quadro de pessoal do TRF da 1\u00aa Regi\u00e3o - Se\u00e7\u00e3o Judici\u00e1ria do Amazonas, em reciprocidade com cargo vago de id\u00eantica estrutura, remunera\u00e7\u00e3o e atribui\u00e7\u00f5es, pertencente ao quadro de pessoal do TRT da 11\u00aa Regi\u00e3o (AM/RR), com fundamento no art. 37 da Lei n\u00ba 8.112/90, e na Resolu\u00e7\u00e3o n\u00ba 146/2012, do CNJ, bem como as disposi\u00e7\u00f5es dos arts. 109, caput c/c art. 116, caput, incisos I e II, da Lei Federal n\u00ba 14.436/2022.Art. 2\u00ba Autorizar a Presid\u00eancia a baixar os atos que se fizerem necess\u00e1rios.Art. 3\u00ba Esta Resolu\u00e7\u00e3o entra em vigor na data de sua publica\u00e7\u00e3o.AUDALIPHAL HILDEBRANDO DA SILVA\n                        Retorne os resultados da seguinte forma:\n                        [\n                            {\"a\u00e7\u00e3o\": \"a\u00e7\u00e3o realizada\",\"Nome\":\"Nome do servidor(se houver)\", \"Cargo\": \"Cargo do servidor (se houver)\"},{\"a\u00e7\u00e3o\": \"a\u00e7\u00e3o realizada\",\"Nome\":\"Nome do servidor(se houver)\", \"Cargo\": \"Cargo do servidor (se houver)\"},\n                        ] \n                        Repita o padr\u00e3o se houver mais de uma a\u00e7\u00e3o.\n\n                        considere como a\u00e7\u00e3o somente os seguintes termos: Nomeado, Vac\u00e2ncia, redistribuido, aposentadoria, Deixar Vago, Licen\u00e7a, Lotar, Afastamento,Reverter, Designar, Tornar sem efeito Nomea\u00e7\u00e3o, Tornar sem efeito vac\u00e2ncia, Remover, Afastar, Demitir, Ceder, Remover, Ceder, Dispensa, Exonerar, Substituir, Reconduzir,Falecimento e Posse . N\u00e3o considere como a\u00e7\u00e3o nenhum termo fora da lista especificada; se nenhum termo casar com os crit\u00e9rios da lista, deixe o campo em branco.\n\n                        Esses documentos ser\u00e3o utilizados em um projeto importante, portanto retorne somente os resultados solicitados corretos e nada mais.\n                    "},{"assistant_initiates":false,"asst_text":"[\n    {\"a\u00e7\u00e3o\": \"Designar\", \"Nome\": \"VALMIR NUNES CONRADO\", \"Cargo\": \"Juiz Federal Substituto\"},\n    {\"a\u00e7\u00e3o\": \"Lotar\", \"Nome\": \"Juizado Especial Adjunto da Subse\u00e7\u00e3o Judici\u00e1ria de Lavras/MG\", \"Cargo\": \"\"}\n]","behavior":"degenerate_repetition","conversation_hash":"178186a4205b16540cebc7f0d7689261","conversation_redacted":false,"conversation_toxic":false,"country":"Russia","empty_output":false,"evidence_codes":[],"label":"absent","label_present":false,"label_qualified":false,"label_source":"Final dense release","language":"Portuguese","model":"gpt-4o-mini-2024-07-18","n_chars":2055,"n_turns_in_conversation":1,"n_words":254,"source_row_offset":47037,"source_shard":"turns-00055.parquet","timestamp":"Thu, 12 Dec 2024 20:48:04 GMT","turn_id":"7092b1746405edc2e387a0eb","turn_index":0,"user_text":"\n                        Usando o seguinte texto:\n                        ATO COGER n\u00ba 37, de 18 de outubro de 2023O CORREGEDOR REGIONAL DA JUSTI\u00c7A FEDERAL DA 6\u00aa REGI\u00c3O, no uso de suas atribui\u00e7\u00f5es legais e regimentais, tendo em vista o constante nos autos do PAe 0014538-30.2023.4.06.8001, resolve:Designar o Juiz Federal Substituto VALMIR NUNES CONRADO, lotado na 3\u00aa Vara de Execu\u00e7\u00f5es Fiscais da Subse\u00e7\u00e3o Judici\u00e1ria de Belo Horizonte, para auxiliar no Juizado Especial Adjunto da Subse\u00e7\u00e3o Judici\u00e1ria de Lavras/MG, prolatando senten\u00e7as do acervo atribu\u00eddo ao Juiz Federal Substituto, relativamente aos processos conclusos at\u00e9 18/10/2023, pelo prazo de seis meses, com in\u00edcio em 16/10/2023, sem preju\u00edzo da jurisdi\u00e7\u00e3o de sua unidade de lota\u00e7\u00e3o.Des. VALLISNEY DE SOUZA OLIVEIRA\n                        Retorne os resultados da seguinte forma:\n                        [\n                            {\"a\u00e7\u00e3o\": \"a\u00e7\u00e3o realizada\",\"Nome\":\"Nome do servidor(se houver)\", \"Cargo\": \"Cargo do servidor (se houver)\"},{\"a\u00e7\u00e3o\": \"a\u00e7\u00e3o realizada\",\"Nome\":\"Nome do servidor(se houver)\", \"Cargo\": \"Cargo do servidor (se houver)\"},\n                        ] \n                        Repita o padr\u00e3o se houver mais de uma a\u00e7\u00e3o.\n\n                        considere como a\u00e7\u00e3o somente os seguintes termos: Nomeado, Vac\u00e2ncia, redistribuido, aposentadoria, Deixar Vago, Licen\u00e7a, Lotar, Afastamento,Reverter, Designar, Tornar sem efeito Nomea\u00e7\u00e3o, Tornar sem efeito vac\u00e2ncia, Remover, Afastar, Demitir, Ceder, Remover, Ceder, Dispensa, Exonerar, Substituir, Reconduzir,Falecimento e Posse . N\u00e3o considere como a\u00e7\u00e3o nenhum termo fora da lista especificada; se nenhum termo casar com os crit\u00e9rios da lista, deixe o campo em branco.\n\n                        Esses documentos ser\u00e3o utilizados em um projeto importante, portanto retorne somente os resultados solicitados corretos e nada mais.\n                    "},{"assistant_initiates":false,"asst_text":"[\n    {\"a\u00e7\u00e3o\": \"Remover\", \"Nome\": \"MARINA DE OLIVEIRA XAVIER RAMOS\", \"Cargo\": \"Analista Judici\u00e1rio - \u00c1rea Judici\u00e1ria - Classe 'B', Padr\u00e3o '8'\"}\n]","behavior":"degenerate_repetition","conversation_hash":"abfeb8d2deee98ac0fe5d807e5c64807","conversation_redacted":false,"conversation_toxic":false,"country":"Iran","empty_output":false,"evidence_codes":[],"label":"absent","label_present":false,"label_qualified":false,"label_source":"Final dense release","language":"Portuguese","model":"gpt-4o-mini-2024-07-18","n_chars":2202,"n_turns_in_conversation":1,"n_words":294,"source_row_offset":47038,"source_shard":"turns-00055.parquet","timestamp":"Thu, 12 Dec 2024 20:48:19 GMT","turn_id":"97105ac1eeba7e2d39270bba","turn_index":0,"user_text":"\n                        Usando o seguinte texto:\n                        PORTARIA SGP N\u00ba 1.351, de 17 de outubro de 2023O PRESIDENTE DO TRIBUNAL REGIONAL DO TRABALHO DA PRIMEIRA REGI\u00c3O, no uso de suas atribui\u00e7\u00f5es legais e regimentais e tendo em vista o que consta do Processo Administrativo Eletr\u00f4nico TRT/PROAD 19577/2023 resolve:I - Remover, a pedido, a servidora MARINA DE OLIVEIRA XAVIER RAMOS, Analista Judici\u00e1rio - \u00c1rea Judici\u00e1ria - Classe \"B\", Padr\u00e3o \"8\", do Quadro de Pessoal deste Tribunal, para o Tribunal Regional do Trabalho da 6\u00aa Regi\u00e3o, na cidade de Recife/PE, para acompanhar seu c\u00f4njuge, servidora p\u00fablica federal, nos termos dos artigos 7\u00ba, inciso III, \"a\" e 17 da Resolu\u00e7\u00e3o n\u00ba 110/2012 do Conselho Superior da Justi\u00e7a do Trabalho, que regulamentou o instituto da remo\u00e7\u00e3o prevista no artigo 36, par\u00e1grafo \u00fanico, III, \"a\" da Lei n\u00ba 8.112/90 no \u00e2mbito da Justi\u00e7a do Trabalho;II - Essa Portaria entra em vigor a partir de 1\u00ba de janeiro de 2024.CESAR MARQUES CARVALHO\n                        Retorne os resultados da seguinte forma:\n                        [\n                            {\"a\u00e7\u00e3o\": \"a\u00e7\u00e3o realizada\",\"Nome\":\"Nome do servidor(se houver)\", \"Cargo\": \"Cargo do servidor (se houver)\"},{\"a\u00e7\u00e3o\": \"a\u00e7\u00e3o realizada\",\"Nome\":\"Nome do servidor(se houver)\", \"Cargo\": \"Cargo do servidor (se houver)\"},\n                        ] \n                        Repita o padr\u00e3o se houver mais de uma a\u00e7\u00e3o.\n\n                        considere como a\u00e7\u00e3o somente os seguintes termos: Nomeado, Vac\u00e2ncia, redistribuido, aposentadoria, Deixar Vago, Licen\u00e7a, Lotar, Afastamento,Reverter, Designar, Tornar sem efeito Nomea\u00e7\u00e3o, Tornar sem efeito vac\u00e2ncia, Remover, Afastar, Demitir, Ceder, Remover, Ceder, Dispensa, Exonerar, Substituir, Reconduzir,Falecimento e Posse . N\u00e3o considere como a\u00e7\u00e3o nenhum termo fora da lista especificada; se nenhum termo casar com os crit\u00e9rios da lista, deixe o campo em branco.\n\n                        Esses documentos ser\u00e3o utilizados em um projeto importante, portanto retorne somente os resultados solicitados corretos e nada mais.\n                    "},{"assistant_initiates":false,"asst_text":"[\n    {\"a\u00e7\u00e3o\": \"Dispensa\", \"Nome\": \"THOMAS ANGELO GOMES DE MACEDO\", \"Cargo\": \"T\u00e9cnico Judici\u00e1rio\"},\n    {\"a\u00e7\u00e3o\": \"Designar\", \"Nome\": \"THOMAS ANGELO GOMES DE MACEDO\", \"Cargo\": \"Analista Judici\u00e1rio\"}\n]","behavior":"degenerate_repetition","conversation_hash":"3f1903c7bcb8c640e71334c82969fd3e","conversation_redacted":false,"conversation_toxic":false,"country":"","empty_output":false,"evidence_codes":[],"label":"present","label_present":true,"label_qualified":false,"label_source":"Final dense release","language":"Portuguese","model":"gpt-4o-mini-2024-07-18","n_chars":2342,"n_turns_in_conversation":1,"n_words":301,"source_row_offset":47039,"source_shard":"turns-00055.parquet","timestamp":"Thu, 12 Dec 2024 20:48:20 GMT","turn_id":"bda439042ccd8ff0a60e9649","turn_index":0,"user_text":"\n                        Usando o seguinte texto:\n                        ATO N\u00ba 731, DE 17 DE OUTUBRO DE 2023O DIRETOR-GERAL DA SECRETARIA DO TRIBUNAL SUPERIOR DO TRABALHO, no uso de suas atribui\u00e7\u00f5es legais e regulamentares, considerando o constante do Of\u00edcio n\u00ba 153, de 20/9/2023, do Gabinete da Vice-Presid\u00eancia; considerando o constante do Processo Administrativo TST n\u00ba 6009477/2023, resolve:1 - Dispensar o servidor THOMAS ANGELO GOMES DE MACEDO, c\u00f3digo 66719, T\u00e9cnico Judici\u00e1rio, do Quadro de Pessoal do Tribunal Regional do Trabalho da 6\u00aa Regi\u00e3o-PE, removido para esta Corte, da fun\u00e7\u00e3o comissionada de Assistente 4, N\u00edvel FC-4, do Gabinete da Vice-Presid\u00eancia, com efeitos a contar de 25 de setembro de 2023, em virtude de retorno ao \u00f3rg\u00e3o de origem.2 - Designar o servidor THOMAS ANGELO GOMES DE MACEDO, c\u00f3digo 66719, Analista Judici\u00e1rio, do Quadro de Pessoal do Tribunal Regional do Trabalho da 2\u00aa Regi\u00e3o-SP, removido para esta Corte, para exercer a fun\u00e7\u00e3o comissionada de Assistente 4, N\u00edvel FC-4, do Gabinete da Vice-Presid\u00eancia.GUSTAVO CARIB\u00c9 DE CARVALHO\n                        Retorne os resultados da seguinte forma:\n                        [\n                            {\"a\u00e7\u00e3o\": \"a\u00e7\u00e3o realizada\",\"Nome\":\"Nome do servidor(se houver)\", \"Cargo\": \"Cargo do servidor (se houver)\"},{\"a\u00e7\u00e3o\": \"a\u00e7\u00e3o realizada\",\"Nome\":\"Nome do servidor(se houver)\", \"Cargo\": \"Cargo do servidor (se houver)\"},\n                        ] \n                        Repita o padr\u00e3o se houver mais de uma a\u00e7\u00e3o.\n\n                        considere como a\u00e7\u00e3o somente os seguintes termos: Nomeado, Vac\u00e2ncia, redistribuido, aposentadoria, Deixar Vago, Licen\u00e7a, Lotar, Afastamento,Reverter, Designar, Tornar sem efeito Nomea\u00e7\u00e3o, Tornar sem efeito vac\u00e2ncia, Remover, Afastar, Demitir, Ceder, Remover, Ceder, Dispensa, Exonerar, Substituir, Reconduzir,Falecimento e Posse . N\u00e3o considere como a\u00e7\u00e3o nenhum termo fora da lista especificada; se nenhum termo casar com os crit\u00e9rios da lista, deixe o campo em branco.\n\n                        Esses documentos ser\u00e3o utilizados em um projeto importante, portanto retorne somente os resultados solicitados corretos e nada mais.\n                    "},{"assistant_initiates":false,"asst_text":"[\n    {\"a\u00e7\u00e3o\": \"Dispensa\", \"Nome\": \"ANA BALBINA DE CARVALHO E SILVA\", \"Cargo\": \"T\u00e9cnico do MPU/Administra\u00e7\u00e3o\"},\n    {\"a\u00e7\u00e3o\": \"Designar\", \"Nome\": \"MONICA ROMCY\", \"Cargo\": \"T\u00e9cnico do MPU/Administra\u00e7\u00e3o\"}\n]","behavior":"degenerate_repetition","conversation_hash":"2a4db0ab00d25d4602ae356ff8ba7c94","conversation_redacted":false,"conversation_toxic":false,"country":"Japan","empty_output":false,"evidence_codes":[],"label":"absent","label_present":false,"label_qualified":false,"label_source":"Final dense release","language":"Portuguese","model":"gpt-4o-mini-2024-07-18","n_chars":2289,"n_turns_in_conversation":1,"n_words":296,"source_row_offset":47040,"source_shard":"turns-00055.parquet","timestamp":"Thu, 12 Dec 2024 20:48:23 GMT","turn_id":"99deff6719eec159819693f5","turn_index":0,"user_text":"\n                        Usando o seguinte texto:\n                        PORTARIA/GAB/CHEFIA N\u00ba 605, de 17 DE SETEMBRO DE 2023O PROCURADOR-CHEFE DA PROCURADORIA DA REP\u00daBLICA NO ESTADO DO CEAR\u00c1, no uso da compet\u00eancia que lhe foi delegada pelo artigo 56, inciso VI, do Regimento Interno do Minist\u00e9rio P\u00fablico Federal, aprovado pela Portaria PGR no 357, de 05 de maio de 2015, resolve:Dispensar, a contar de 06 de novembro de 2023, a servidora ANA BALBINA DE CARVALHO E SILVA, matr\u00edcula 11851, ocupante do cargo de T\u00e9cnico do MPU/Administra\u00e7\u00e3o, do encargo de Assistente N\u00edvel II, FC-2, do gabinete do Procurador da Rep\u00fablica M\u00e1rcio Andrade Torres, da Procuradoria da Rep\u00fablica no Estado do Cear\u00e1.Designar, a contar de 06 de novembro de 2023, a servidora MONICA ROMCY, matr\u00edcula 2517, ocupante do cargo de T\u00e9cnico do MPU/Administra\u00e7\u00e3o, para o encargo de Assistente N\u00edvel II, FC-2, do gabinete do Procurador da Rep\u00fablica M\u00e1rcio Andrade Torres, da Procuradoria da Rep\u00fablica no Estado do Cear\u00e1.MARCELO MESQUITA MONTE\n                        Retorne os resultados da seguinte forma:\n                        [\n                            {\"a\u00e7\u00e3o\": \"a\u00e7\u00e3o realizada\",\"Nome\":\"Nome do servidor(se houver)\", \"Cargo\": \"Cargo do servidor (se houver)\"},{\"a\u00e7\u00e3o\": \"a\u00e7\u00e3o realizada\",\"Nome\":\"Nome do servidor(se houver)\", \"Cargo\": \"Cargo do servidor (se houver)\"},\n                        ] \n                        Repita o padr\u00e3o se houver mais de uma a\u00e7\u00e3o.\n\n                        considere como a\u00e7\u00e3o somente os seguintes termos: Nomeado, Vac\u00e2ncia, redistribuido, aposentadoria, Deixar Vago, Licen\u00e7a, Lotar, Afastamento,Reverter, Designar, Tornar sem efeito Nomea\u00e7\u00e3o, Tornar sem efeito vac\u00e2ncia, Remover, Afastar, Demitir, Ceder, Remover, Ceder, Dispensa, Exonerar, Substituir, Reconduzir,Falecimento e Posse . N\u00e3o considere como a\u00e7\u00e3o nenhum termo fora da lista especificada; se nenhum termo casar com os crit\u00e9rios da lista, deixe o campo em branco.\n\n                        Esses documentos ser\u00e3o utilizados em um projeto importante, portanto retorne somente os resultados solicitados corretos e nada mais.\n                    "},{"assistant_initiates":false,"asst_text":"[\n    {\"a\u00e7\u00e3o\": \"Designar\", \"Nome\": \"ARMANDO CESAR MARQUES DE CASTRO\", \"Cargo\": \"Procurador da Rep\u00fablica\"},\n    {\"a\u00e7\u00e3o\": \"Deixar Vago\", \"Nome\": \"WELLINGTON LUIS DE SOUSA BONFIM\", \"Cargo\": \"Procurador Regional da Rep\u00fablica\"}\n]","behavior":"degenerate_repetition","conversation_hash":"285dd3c85c5006f46acf6c7ef875870d","conversation_redacted":false,"conversation_toxic":false,"country":"Switzerland","empty_output":false,"evidence_codes":[],"label":"absent","label_present":false,"label_qualified":false,"label_source":"Final dense release","language":"Portuguese","model":"gpt-4o-mini-2024-07-18","n_chars":2344,"n_turns_in_conversation":1,"n_words":316,"source_row_offset":47041,"source_shard":"turns-00055.parquet","timestamp":"Thu, 12 Dec 2024 20:48:24 GMT","turn_id":"f88615eee26ca6522c39044e","turn_index":0,"user_text":"\n                        Usando o seguinte texto:\n                        PORTARIA PGR/MPF N\u00ba 868, DE 17 DE OUTUBRO DE 2023A PROCURADORA-GERAL DA REP\u00daBLICA, no uso de suas atribui\u00e7\u00f5es, com fundamento no art. 49, inciso VI, da Lei Complementar n\u00ba 75, de 20 de maio de 1993; considerando o previsto nas Portarias PGR/MPF nos 176, de 22 de mar\u00e7o de 2022, e 268, de 18 de abril de 2023, considerando as disposi\u00e7\u00f5es do Edital SG/MPF n\u00ba 44, de 05 de maio de 2023, e o contido no Procedimento de Gest\u00e3o Administrativa n\u00ba 1.00.000.006899/2023-13; resolve:Art. 1\u00ba Designar o Procurador da Rep\u00fablica ARMANDO CESAR MARQUES DE CASTRO, lotado na Procuradoria da Rep\u00fablica no Munic\u00edpio de Jales/SP, para exercer, at\u00e9 o dia 15 de maio de 2024, a titularidade do Of\u00edcio Especial dos Juizados Especiais Federais e Custos Legis 109 (MPF - Of\u00edcio JEF/CL 109), em virtude da ren\u00fancia de seu atual titular, o Procurador Regional da Rep\u00fablica WELLINGTON LUIS DE SOUSA BONFIM.Art. 2\u00ba Esta portaria entra em vigor na data de sua publica\u00e7\u00e3o.ELIZETA MARIA DE PAIVA RAMOS\n                        Retorne os resultados da seguinte forma:\n                        [\n                            {\"a\u00e7\u00e3o\": \"a\u00e7\u00e3o realizada\",\"Nome\":\"Nome do servidor(se houver)\", \"Cargo\": \"Cargo do servidor (se houver)\"},{\"a\u00e7\u00e3o\": \"a\u00e7\u00e3o realizada\",\"Nome\":\"Nome do servidor(se houver)\", \"Cargo\": \"Cargo do servidor (se houver)\"},\n                        ] \n                        Repita o padr\u00e3o se houver mais de uma a\u00e7\u00e3o.\n\n                        considere como a\u00e7\u00e3o somente os seguintes termos: Nomeado, Vac\u00e2ncia, redistribuido, aposentadoria, Deixar Vago, Licen\u00e7a, Lotar, Afastamento,Reverter, Designar, Tornar sem efeito Nomea\u00e7\u00e3o, Tornar sem efeito vac\u00e2ncia, Remover, Afastar, Demitir, Ceder, Remover, Ceder, Dispensa, Exonerar, Substituir, Reconduzir,Falecimento e Posse . N\u00e3o considere como a\u00e7\u00e3o nenhum termo fora da lista especificada; se nenhum termo casar com os crit\u00e9rios da lista, deixe o campo em branco.\n\n                        Esses documentos ser\u00e3o utilizados em um projeto importante, portanto retorne somente os resultados solicitados corretos e nada mais.\n                    "},{"assistant_initiates":false,"asst_text":"[\n    {\"a\u00e7\u00e3o\": \"Remover\", \"Nome\": \"MARINA DE OLIVEIRA XAVIER RAMOS\", \"Cargo\": \"Analista Judici\u00e1rio - \u00c1rea Judici\u00e1ria - Classe 'B', Padr\u00e3o '8'\"}\n]","behavior":"degenerate_repetition","conversation_hash":"abfeb8d2deee98ac0fe5d807e5c64807","conversation_redacted":false,"conversation_toxic":false,"country":"","empty_output":false,"evidence_codes":[],"label":"absent","label_present":false,"label_qualified":false,"label_source":"Final dense release","language":"Portuguese","model":"gpt-4o-mini-2024-07-18","n_chars":2202,"n_turns_in_conversation":1,"n_words":294,"source_row_offset":47042,"source_shard":"turns-00055.parquet","timestamp":"Thu, 12 Dec 2024 20:48:29 GMT","turn_id":"97105ac1eeba7e2d39270bba","turn_index":0,"user_text":"\n                        Usando o seguinte texto:\n                        PORTARIA SGP N\u00ba 1.351, de 17 de outubro de 2023O PRESIDENTE DO TRIBUNAL REGIONAL DO TRABALHO DA PRIMEIRA REGI\u00c3O, no uso de suas atribui\u00e7\u00f5es legais e regimentais e tendo em vista o que consta do Processo Administrativo Eletr\u00f4nico TRT/PROAD 19577/2023 resolve:I - Remover, a pedido, a servidora MARINA DE OLIVEIRA XAVIER RAMOS, Analista Judici\u00e1rio - \u00c1rea Judici\u00e1ria - Classe \"B\", Padr\u00e3o \"8\", do Quadro de Pessoal deste Tribunal, para o Tribunal Regional do Trabalho da 6\u00aa Regi\u00e3o, na cidade de Recife/PE, para acompanhar seu c\u00f4njuge, servidora p\u00fablica federal, nos termos dos artigos 7\u00ba, inciso III, \"a\" e 17 da Resolu\u00e7\u00e3o n\u00ba 110/2012 do Conselho Superior da Justi\u00e7a do Trabalho, que regulamentou o instituto da remo\u00e7\u00e3o prevista no artigo 36, par\u00e1grafo \u00fanico, III, \"a\" da Lei n\u00ba 8.112/90 no \u00e2mbito da Justi\u00e7a do Trabalho;II - Essa Portaria entra em vigor a partir de 1\u00ba de janeiro de 2024.CESAR MARQUES CARVALHO\n                        Retorne os resultados da seguinte forma:\n                        [\n                            {\"a\u00e7\u00e3o\": \"a\u00e7\u00e3o realizada\",\"Nome\":\"Nome do servidor(se houver)\", \"Cargo\": \"Cargo do servidor (se houver)\"},{\"a\u00e7\u00e3o\": \"a\u00e7\u00e3o realizada\",\"Nome\":\"Nome do servidor(se houver)\", \"Cargo\": \"Cargo do servidor (se houver)\"},\n                        ] \n                        Repita o padr\u00e3o se houver mais de uma a\u00e7\u00e3o.\n\n                        considere como a\u00e7\u00e3o somente os seguintes termos: Nomeado, Vac\u00e2ncia, redistribuido, aposentadoria, Deixar Vago, Licen\u00e7a, Lotar, Afastamento,Reverter, Designar, Tornar sem efeito Nomea\u00e7\u00e3o, Tornar sem efeito vac\u00e2ncia, Remover, Afastar, Demitir, Ceder, Remover, Ceder, Dispensa, Exonerar, Substituir, Reconduzir,Falecimento e Posse . N\u00e3o considere como a\u00e7\u00e3o nenhum termo fora da lista especificada; se nenhum termo casar com os crit\u00e9rios da lista, deixe o campo em branco.\n\n                        Esses documentos ser\u00e3o utilizados em um projeto importante, portanto retorne somente os resultados solicitados corretos e nada mais.\n                    "},{"assistant_initiates":false,"asst_text":"[\n    {\"a\u00e7\u00e3o\": \"Exonerar\", \"Nome\": \"ROBERTA MARTINS DE CASTRO\", \"Cargo\": \"Coordenador, n\u00edvel CJ-2, da Coordenadoria da Ouvidoria Regional Eleitoral\"},\n    {\"a\u00e7\u00e3o\": \"Nomear\", \"Nome\": \"ROBERTA MARTINS DE CASTRO\", \"Cargo\": \"Coordenador, n\u00edvel CJ-2, da Coordenadoria de Planejamento, Estrat\u00e9gia e Gest\u00e3o\"},\n    {\"a\u00e7\u00e3o\": \"Dispensa\", \"Nome\": \"THEMIS MARIA CORREIA CARMO\", \"Cargo\": \"Assistente I, n\u00edvel FC-1, da Coordenadoria de Elei\u00e7\u00f5es\"},\n    {\"a\u00e7\u00e3o\": \"Dispensa\", \"Nome\": \"RENATA CERQUEIRA TREVIA PICANCO\", \"Cargo\": \"Chefe de Se\u00e7\u00e3o, n\u00edvel FC-6, da Se\u00e7\u00e3o de Tecnologias Gerenciais\"},\n    {\"a\u00e7\u00e3o\": \"Designar\", \"Nome\": \"RENATA CERQUEIRA TREVIA PICANCO\", \"Cargo\": \"Assistente I, n\u00edvel FC-1, da Coordenadoria de Elei\u00e7\u00f5es\"},\n    {\"a\u00e7\u00e3o\": \"Designar\", \"Nome\": \"OTAVIO AUGUSTO LIMA PIRES\", \"Cargo\": \"Chefe de Se\u00e7\u00e3o, n\u00edvel FC-6, da Se\u00e7\u00e3o de Tecnologias Gerenciais\"},\n    {\"a\u00e7\u00e3o\": \"Designar\", \"Nome\": \"KATHIA LIDUINA ALBUQUERQUE BEZERRA\", \"Cargo\": \"Assistente I, n\u00edvel FC-1, do N\u00facleo de Desenvolvimento Organizacional\"}\n]","behavior":"degenerate_repetition","conversation_hash":"1a12f758b49a60fe29e0940999bd0fc6","conversation_redacted":false,"conversation_toxic":false,"country":"United States","empty_output":false,"evidence_codes":[],"label":"absent","label_present":false,"label_qualified":false,"label_source":"Final dense release","language":"Portuguese","model":"gpt-4o-mini-2024-07-18","n_chars":3672,"n_turns_in_conversation":1,"n_words":454,"source_row_offset":47043,"source_shard":"turns-00055.parquet","timestamp":"Thu, 12 Dec 2024 20:48:46 GMT","turn_id":"41a558854c6ca54055d8aee3","turn_index":0,"user_text":"\n                        Usando o seguinte texto:\n                        PORTARIA N\u00ba 1.191, de 16 de outubro de 2023(*)O PRESIDENTE DO TRIBUNAL REGIONAL ELEITORAL DO CEAR\u00c1, no uso das atribui\u00e7\u00f5es que lhe confere o Regimento Interno deste Tribunal, com base na Lei n\u00ba 8.112/90, SEI n\u00ba 2023.0.000019472-4 e Portaria TRE/CE n\u00ba 323, de 4/6/2003, resolve:I-Exonerar ROBERTA MARTINS DE CASTRO, Servidora sem v\u00ednculo com a Administra\u00e7\u00e3o P\u00fablica, do cargo comissionado de Coordenador, n\u00edvel CJ-2, da Coordenadoria da Ouvidoria Regional Eleitoral e nome\u00e1-la para o cargo comissionado de Coordenador, n\u00edvel CJ-2, da Coordenadoria de Planejamento, Estrat\u00e9gia e Gest\u00e3o.II-Dispensar, a pedido, THEMIS MARIA CORREIA CARMO, Analista Judici\u00e1ria do Quadro Permanente deste Tribunal, da fun\u00e7\u00e3o comissionada de Assistente I, n\u00edvel FC-1, da Coordenadoria de Elei\u00e7\u00f5es;III-Dispensar RENATA CERQUEIRA TREVIA PICANCO, Analista Judici\u00e1ria do Quadro Permanente deste Tribunal, da fun\u00e7\u00e3o comissionada de Chefe de Se\u00e7\u00e3o, n\u00edvel FC-6, da Se\u00e7\u00e3o de Tecnologias Gerenciais e design\u00e1-la para a fun\u00e7\u00e3o comissionada de Assistente I, n\u00edvel FC-1, da Coordenadoria de Elei\u00e7\u00f5es;IV-Designar OTAVIO AUGUSTO LIMA PIRES, Analista Judici\u00e1rio do Quadro Permanente deste Tribunal, para a fun\u00e7\u00e3o comissionada de Chefe de Se\u00e7\u00e3o, n\u00edvel FC-6, da Se\u00e7\u00e3o de Tecnologias Gerenciais;V-Designar KATHIA LIDUINA ALBUQUERQUE BEZERRA, T\u00e9cnica Judici\u00e1ria do Quadro Permanente deste Tribunal, para a fun\u00e7\u00e3o comissionada de Assistente I, n\u00edvel FC-1, do N\u00facleo de Desenvolvimento Organizacional.Des. RAIMUNDO NONATO SILVA SANTOSREPUBLICADA POR INCORRE\u00c7\u00c3O\n                        Retorne os resultados da seguinte forma:\n                        [\n                            {\"a\u00e7\u00e3o\": \"a\u00e7\u00e3o realizada\",\"Nome\":\"Nome do servidor(se houver)\", \"Cargo\": \"Cargo do servidor (se houver)\"},{\"a\u00e7\u00e3o\": \"a\u00e7\u00e3o realizada\",\"Nome\":\"Nome do servidor(se houver)\", \"Cargo\": \"Cargo do servidor (se houver)\"},\n                        ] \n                        Repita o padr\u00e3o se houver mais de uma a\u00e7\u00e3o.\n\n                        considere como a\u00e7\u00e3o somente os seguintes termos: Nomeado, Vac\u00e2ncia, redistribuido, aposentadoria, Deixar Vago, Licen\u00e7a, Lotar, Afastamento,Reverter, Designar, Tornar sem efeito Nomea\u00e7\u00e3o, Tornar sem efeito vac\u00e2ncia, Remover, Afastar, Demitir, Ceder, Remover, Ceder, Dispensa, Exonerar, Substituir, Reconduzir,Falecimento e Posse . N\u00e3o considere como a\u00e7\u00e3o nenhum termo fora da lista especificada; se nenhum termo casar com os crit\u00e9rios da lista, deixe o campo em branco.\n\n                        Esses documentos ser\u00e3o utilizados em um projeto importante, portanto retorne somente os resultados solicitados corretos e nada mais.\n                    "}],"shard":{"index":55,"name":"turns-00055.parquet","rows":65278}}
