{"behavior":"degenerate_repetition","label_filter":null,"limit":10,"next_offset":19720,"offset":19710,"previous_offset":null,"rows":[{"assistant_initiates":false,"asst_text":"```json\n[]\n```","behavior":"degenerate_repetition","conversation_hash":"0de1a6747235b71ebc09082966249c0e","conversation_redacted":false,"conversation_toxic":false,"country":"","empty_output":false,"evidence_codes":[],"label":"absent","label_present":false,"label_qualified":false,"label_source":"Final dense release","language":"Portuguese","model":"gpt-4o-mini-2024-07-18","n_chars":2533,"n_turns_in_conversation":1,"n_words":358,"source_row_offset":19710,"source_shard":"turns-00055.parquet","timestamp":"Mon, 09 Dec 2024 20:10:53 GMT","turn_id":"a97ce3fce4c9af58207ef0fc","turn_index":0,"user_text":"\n                        Usando o seguinte texto:\n                        ATO N\u00ba 4.850, DE 6 DE JUNHO DE 2023A PRESIDENTE DO TRIBUNAL REGIONAL FEDERAL DA 3.\u00aa REGI\u00c3O, no uso de suas atribui\u00e7\u00f5es legais, e tendo em vista o que consta do Processo Administrativo n.\u00ba 0008152-65.2023.4.03.8001 - SEI, resolve:CONCEDER PENS\u00c3O ESTATUT\u00c1RIA, em cota familiar correspondente a 50% (cinquenta por cento), acrescida da cota individual de 10% (dez por cento), conforme o disposto no caput do art. 23, observado o art. 24, \u00a7 1.\u00ba, inciso II, e \u00a7\u00a7 2.\u00ba e 3.\u00ba, da EC n.\u00ba 103/2019, ao dependente abaixo discriminado, da servidora NEIDE NOGUEIRA, anterior ocupante do cargo de T\u00e9cnico Judici\u00e1rio, \u00c1rea Administrativa, Especialidade Telefonia, Classe \"C\", Padr\u00e3o 13, do Quadro de Pessoal da Justi\u00e7a Federal de 1.\u00ba Grau - Se\u00e7\u00e3o Judici\u00e1ria do Estado de S\u00e3o Paulo, com efeitos financeiros a partir de 12 de maio de 2023, data em que ocorreu o \u00f3bito, a teor do disposto no art. 74, inciso I, da Lei n.\u00ba 8.213/1991, com reda\u00e7\u00e3o das Leis n.\u00bas 9.528/1997 e 13.846/2019:- JO\u00c3O BATISTA DE CARVALHO, vi\u00favo, benefici\u00e1rio de pens\u00e3o vital\u00edcia, nos termos do art. 16, inciso I, da Lei n.\u00ba 8.213/1991, com a reda\u00e7\u00e3o da Lei n.\u00ba 13.146/2015, observado o disposto no art. 77, \u00a7 2.\u00ba, inciso V, al\u00ednea \"c\", item 6, da Lei n.\u00ba 8.213/1991, com a reda\u00e7\u00e3o das Leis n.\u00bas 9.032/1995, 13.135/2015 e 13.846/2019, e no art. 1.\u00ba, inciso VI, da Portaria ME n.\u00ba 424/2020.MARISA FERREIRA DOS SANTOS\n                        Retorne os resultados da seguinte forma:\n                        [\n                            {\"a\u00e7\u00e3o\": \"a\u00e7\u00e3o realizada\",\"Nome\":\"Nome do servidor(se houver)\", \"Cargo\": \"Cargo do servidor (se houver)\"},{\"a\u00e7\u00e3o\": \"a\u00e7\u00e3o realizada\",\"Nome\":\"Nome do servidor(se houver)\", \"Cargo\": \"Cargo do servidor (se houver)\"},\n                        ] \n                        Repita o padr\u00e3o se houver mais de uma a\u00e7\u00e3o.\n\n                        considere como a\u00e7\u00e3o somente os seguintes termos: Nomeado, Vac\u00e2ncia, redistribuido, aposentadoria, Deixar Vago, Licen\u00e7a, Lotar, Afastamento,Reverter, Designar, Tornar sem efeito Nomea\u00e7\u00e3o, Tornar sem efeito vac\u00e2ncia, Remover, Afastar, Demitir, Ceder, Remover, Ceder, Dispensa, Exonerar, Substituir, Reconduzir,Falecimento e Posse . N\u00e3o considere como a\u00e7\u00e3o nenhum termo fora da lista especificada; se nenhum termo casar com os crit\u00e9rios da lista, deixe o campo em branco.\n\n                        Esses documentos ser\u00e3o utilizados em um projeto importante, portanto retorne somente os resultados solicitados corretos e nada mais.\n                    "},{"assistant_initiates":false,"asst_text":"```json\n{\n  \"question\": \"What is the capital of France?\",\n  \"options\": [\"Berlin\", \"Madrid\", \"Paris\", \"Rome\"],\n  \"answer\": \"Paris\"\n}\n```","behavior":"degenerate_repetition","conversation_hash":"dc33c8957811c2a5c358618dee070dbe","conversation_redacted":false,"conversation_toxic":false,"country":"Ukraine","empty_output":false,"evidence_codes":[],"label":"absent","label_present":false,"label_qualified":false,"label_source":"Final dense release","language":"English","model":"gpt-4o-2024-11-20","n_chars":347,"n_turns_in_conversation":1,"n_words":48,"source_row_offset":19711,"source_shard":"turns-00055.parquet","timestamp":"Mon, 09 Dec 2024 20:10:55 GMT","turn_id":"b22a7ba49674580f4734be88","turn_index":0,"user_text":"Generate a multiple-choice quiz question in JSON format with the following structure:\n{\n  \"question\": \"Your question here\",\n  \"options\": [\"Option A\", \"Option B\", \"Option C\", \"Option D\"],\n  \"answer\": \"Option X\"\n}"},{"assistant_initiates":false,"asst_text":"```json\n{\n  \"question\": \"What is the capital of France?\",\n  \"options\": [\"Berlin\", \"Madrid\", \"Paris\", \"Rome\"],\n  \"answer\": \"Paris\"\n}\n```","behavior":"degenerate_repetition","conversation_hash":"dc33c8957811c2a5c358618dee070dbe","conversation_redacted":false,"conversation_toxic":false,"country":"Ukraine","empty_output":false,"evidence_codes":[],"label":"absent","label_present":false,"label_qualified":false,"label_source":"Final dense release","language":"English","model":"gpt-4o-2024-11-20","n_chars":347,"n_turns_in_conversation":1,"n_words":48,"source_row_offset":19712,"source_shard":"turns-00055.parquet","timestamp":"Mon, 09 Dec 2024 20:11:01 GMT","turn_id":"b22a7ba49674580f4734be88","turn_index":0,"user_text":"Generate a multiple-choice quiz question in JSON format with the following structure:\n{\n  \"question\": \"Your question here\",\n  \"options\": [\"Option A\", \"Option B\", \"Option C\", \"Option D\"],\n  \"answer\": \"Option X\"\n}"},{"assistant_initiates":false,"asst_text":"In a Telegram Web App, you can determine whether the user has selected a dark or light theme using Telegram's JavaScript API. Telegram Web Apps provide an interface to manage themes using the `themeParams` object, which you can access from the Web App object. Let's walk through how to implement this in a Vue 3 application with TypeScript.\n\nHere\u2019s how you can detect and react to the user\u2019s theme preference:\n\n---\n\n### Steps to Get the User's Theme Preference\n1. **Initialize the Telegram Web App:**\n   Make sure the Telegram Web App is properly initialized when your app starts.\n\n2. **Access the `themeParams` Object:**\n   The `themeParams` object contains properties about the current theme, such as whether the theme is dark or light.\n\n3. **Handle Theme Changes:**\n   Listen for theme change events by subscribing to the `WebApp.onEvent` method.\n\n---\n\n### Example Implementation in Vue 3 with TypeScript\n\n```typescript\n<template>\n  <div :class=\"appTheme\">\n    <p>The current theme is: {{ theme }}</p>\n  </div>\n</template>\n\n<script lang=\"ts\">\nimport { defineComponent, ref, onMounted, watch } from \"vue\";\n\nexport default defineComponent({\n  name: \"TelegramTheme\",\n  setup() {\n    const theme = ref(\"light\"); // default theme\n    const appTheme = ref(\"\"); // CSS class to apply\n\n    onMounted(() => {\n      // Make sure the Telegram API is available\n      if (window.Telegram.WebApp) {\n        const tg = window.Telegram.WebApp;\n\n        // Update theme based on the current themeParams\n        const updateTheme = () => {\n          const isDarkTheme = tg.themeParams?.theme === \"dark\";\n          theme.value = isDarkTheme ? \"dark\" : \"light\";\n          appTheme.value = isDarkTheme ? \"dark-theme\" : \"light-theme\";\n        };\n\n        // Initialize the theme\n        updateTheme();\n\n        // Listen for theme change events\n        tg.onEvent(\"themeChanged\", updateTheme);\n      }\n    });\n\n    return {\n      theme,\n      appTheme,\n    };\n  },\n});\n</script>\n\n<style>\n.dark-theme {\n  background-color: #1a1a1a;\n  color: white;\n}\n\n.light-theme {\n  background-color: white;\n  color: black;\n}\n</style>\n```\n\n---\n\n### Explanation\n\n1. **Accessing Telegram Web App Object:**\n   - The `window.Telegram.WebApp` object provides information about the Telegram Web App's runtime.\n   - Use `themeParams` in `window.Telegram.WebApp` to read details about the current theme.\n\n2. **Checking Theme:**\n   - Use `themeParams?.theme` to determine if the theme is `\"dark\"` or `\"light\"`.\n\n3. **Listening for Theme Changes:**\n   - By subscribing to the `themeChanged` event using `onEvent(\"themeChanged\")`, you can dynamically react to user-initiated theme changes.\n\n4. **Binding Theme to Vue Variables:**\n   - Use Vue's `ref` to create reactive values for the theme and apply them dynamically to the DOM.\n\n5. **Styling Based on Themes:**\n   - Add appropriate classes (`dark-theme` and `light-theme`) to adjust the UI appearance according to the theme.\n\n---\n\n### Key Notes\n- Ensure that the Telegram Web App is initialized before accessing `window.Telegram`.\n- Theme changes are automatic, but you need to use the `onEvent(\"themeChanged\")` listener if your app adjusts other UI elements dynamically.\n- Consider implementing a fallback theme (default to light) in case the Telegram API is uninitialized.\n\nThis approach ensures a seamless experience for the user with consistent theme behavior in your Telegram Web App.","behavior":"degenerate_repetition","conversation_hash":"9f406040816f0cffa1c143b36557b150","conversation_redacted":false,"conversation_toxic":false,"country":"Russia","empty_output":false,"evidence_codes":[],"label":"absent","label_present":false,"label_qualified":false,"label_source":"Final dense release","language":"English","model":"gpt-4o-2024-11-20","n_chars":3475,"n_turns_in_conversation":1,"n_words":487,"source_row_offset":19713,"source_shard":"turns-00055.parquet","timestamp":"Mon, 09 Dec 2024 20:11:03 GMT","turn_id":"d882dbff3ec11ad9177ba8c3","turn_index":0,"user_text":"How to get user theme dark or light in telegram web app using typescript vue 3?"},{"assistant_initiates":false,"asst_text":"\"I'm already tired since this morning. Cleaning up trash at my parents' house. It's getting cooler, and unlike last year, my back is in good condition. I'm tidying up as much as time allows, but boy, so much stuff just keeps coming out. From expired medicines to things that were carefully stored but turned out to be just bundles of paper or rags tied up for disposal, and I'm wondering why on earth we have so many cheap reading glasses from the dollar store in the house.\n\nThis morning, I filled three 30-liter bags with burnable trash. Tomorrow, it's time for non-burnable trash, like burnt pots, scissors that are so rusty you wonder how they got that bad, or a mountain of metal cookie tins. It's exhausting.\"","behavior":"degenerate_repetition","conversation_hash":"01131389b8346027ca59b485555f6955","conversation_redacted":false,"conversation_toxic":false,"country":"United States","empty_output":false,"evidence_codes":[],"label":"absent","label_present":false,"label_qualified":false,"label_source":"Final dense release","language":"Japanese","model":"gpt-4o-2024-11-20","n_chars":963,"n_turns_in_conversation":4,"n_words":132,"source_row_offset":19714,"source_shard":"turns-00055.parquet","timestamp":"Mon, 09 Dec 2024 20:11:07 GMT","turn_id":"58b08328158de77c6d7baff4","turn_index":0,"user_text":"Translate \"\u671d\u304b\u3089\u75b2\u308c\u307e\u3057\u305f\u3002\u5b9f\u5bb6\u306e\u30b4\u30df\u51fa\u3057\u3002\u6dbc\u3057\u304f\u306a\u3063\u3066\u304d\u305f\u3057\u3001\u53bb\u5e74\u3068\u9055\u3063\u3066\u8170\u3082\u826f\u597d\u3002\u6642\u9593\u306e\u8a31\u3059\u7bc4\u56f2\u3067\u7247\u4ed8\u3051\u3092\u3057\u3066\u308b\u3093\u3067\u3059\u304c\u3001\u51fa\u3066\u304f\u308b\u51fa\u3066\u304f\u308b\u3002\u6d88\u8cbb\u671f\u9650\u5207\u308c\u306e\u85ac\u54c1\u304b\u3089\u3001\u5927\u4e8b\u305d\u3046\u306b\u4ed5\u821e\u3063\u3066\u3044\u305f\u3082\u306e\u304c\u5b9f\u306f\u305f\u3060\u306e\u7d19\u675f\u3068\u304b\u53e4\u5e03\u51fa\u3057\u306b\u307e\u3068\u3081\u3066\u3042\u3063\u305f\u3082\u306e\u3060\u306e\u3001\u306a\u3093\u3067\u3053\u3093\u306a\u306b\u767e\u5747\u30e1\u30ac\u30cd\u304c\u3046\u3061\u30f3\u4e2d\u306b\u5728\u308b\u3093\u3060\u30e8\u30a9\u3068\u304b\u3002\n\u4eca\u671d\u306e\u71c3\u3048\u308b\u30b4\u30df\u306730\uff2c\u4e09\u888b\u3002\u660e\u65e5\u306f\u71c3\u3048\u306a\u3044\u30b4\u30df\u3078\u7126\u3052\u4ed8\u3044\u305f\u934b\u3060\u306e\u3001\u306a\u3093\u3067\u3053\u3093\u306a\u306b\u9306\u3073\u305f\u30cf\u30b5\u30df\u304c\u5728\u308b\u3093\u3060\u30e8\u30a9\u3068\u304b\u91d1\u5c5e\u83d3\u5b50\u7f36\u306e\u5c71\u3068\u304b\u3092\u6368\u3066\u306b\u51fa\u3059\u4e88\u5b9a\u3002\u75b2\u308c\u308b\" to English"},{"assistant_initiates":false,"asst_text":"\"When it comes to wearing a costume, it\u2019s usually a struggle when you end up playing a character that's smaller than yourself, but this character seems to be really big\u2014like on par with Fudou-kyo (who I also wanted to try playing).\"","behavior":"degenerate_repetition","conversation_hash":"01131389b8346027ca59b485555f6955","conversation_redacted":false,"conversation_toxic":false,"country":"United States","empty_output":false,"evidence_codes":[],"label":"absent","label_present":false,"label_qualified":false,"label_source":"Final dense release","language":"Japanese","model":"gpt-4o-2024-11-20","n_chars":334,"n_turns_in_conversation":4,"n_words":45,"source_row_offset":19715,"source_shard":"turns-00055.parquet","timestamp":"Mon, 09 Dec 2024 20:11:07 GMT","turn_id":"8ab170f34f7b43f9c3e95f04","turn_index":1,"user_text":"Translate \"\u7740\u3050\u308b\u307f\u3059\u308b\u3068\u304d\u3001\u5927\u62b5\u81ea\u5206\u3088\u308a\u5c0f\u3055\u3044\u30ad\u30e3\u30e9\u3092\u3084\u308b\u3053\u3068\u306b\u845b\u85e4\u3059\u308b\u30d1\u30bf\u30fc\u30f3\u3060\u308d\u3046\u3051\u3069\u3001\u3053\u306e\u30ad\u30e3\u30e9\u3001\u4e0d\u52d5\u537f\uff08\u3082\u3084\u3063\u3066\u307f\u305f\u304b\u3063\u305f\uff09\u4e26\u306b\u3001\u3081\u3063\u3061\u3083\u5927\u304d\u3044\u307f\u305f\u3044\u306a\u3093\u3067\u3002\" to English"},{"assistant_initiates":false,"asst_text":"\"Mirror Maiden is so cool, but her height though... <People tend to desire what they don't have.>\"","behavior":"degenerate_repetition","conversation_hash":"01131389b8346027ca59b485555f6955","conversation_redacted":false,"conversation_toxic":false,"country":"United States","empty_output":false,"evidence_codes":[],"label":"absent","label_present":false,"label_qualified":false,"label_source":"Final dense release","language":"Japanese","model":"gpt-4o-2024-11-20","n_chars":162,"n_turns_in_conversation":4,"n_words":21,"source_row_offset":19716,"source_shard":"turns-00055.parquet","timestamp":"Mon, 09 Dec 2024 20:11:07 GMT","turn_id":"16d07bb5908334c7135b0677","turn_index":2,"user_text":"Translate \"\u30df\u30e9\u30fc\u30e1\u30a4\u30c7\u30f3\u3001\u304b\u3063\u3053\u3044\u3044\u3093\u3060\u3051\u3069\u306a\u3042\u3002\u8eab\u9577\u304c\u30fb\u30fb\u30fb\uff1c\u4eba\u306f\u81ea\u5206\u306b\u7121\u3044\u3082\u306e\u3092\u6c42\u3081\u308b\" to English"},{"assistant_initiates":false,"asst_text":"\"Tokyo has finally settled around a high of 20\u00b0C. It's that season where it's becoming easier to wear costumes.\"","behavior":"degenerate_repetition","conversation_hash":"01131389b8346027ca59b485555f6955","conversation_redacted":false,"conversation_toxic":false,"country":"United States","empty_output":false,"evidence_codes":[],"label":"absent","label_present":false,"label_qualified":false,"label_source":"Final dense release","language":"Japanese","model":"gpt-4o-2024-11-20","n_chars":185,"n_turns_in_conversation":4,"n_words":23,"source_row_offset":19717,"source_shard":"turns-00055.parquet","timestamp":"Mon, 09 Dec 2024 20:11:07 GMT","turn_id":"ed46dd16479f50b231c9902d","turn_index":3,"user_text":"Translate \"\u6771\u4eac\u3082\u3088\u3046\u3084\u304f\u6700\u9ad8\u6c17\u6e29\u3067\uff12\uff10\u2103\u3061\u3087\u3046\u3069\u8fba\u308a\u306b\u306a\u3063\u3066\u304d\u307e\u3057\u305f\u306d\u3002\u7740\u3050\u308b\u307f\u3057\u3084\u3059\u304f\u306a\u3063\u3066\u304d\u305f\u6642\u7bc0\u3067\u3059\u3002\" to English"},{"assistant_initiates":false,"asst_text":"[\n    {\"a\u00e7\u00e3o\": \"Designar\", \"Nome\": \"Santuzza de Almeida Castro Kammoun\", \"Cargo\": \"T\u00e9cnica Judici\u00e1ria, \u00c1rea Administrativa\"},\n    {\"a\u00e7\u00e3o\": \"Designar\", \"Nome\": \"Eduardo C\u00e2ndido de Souza\", \"Cargo\": \"T\u00e9cnico Judici\u00e1rio, \u00c1rea Administrativa\"},\n    {\"a\u00e7\u00e3o\": \"Designar\", \"Nome\": \"Marcelo Morais de Souza\", \"Cargo\": \"T\u00e9cnico Judici\u00e1rio, \u00c1rea Administrativa\"}\n]","behavior":"degenerate_repetition","conversation_hash":"293d5d4b2c96fefc70bc91b975b89974","conversation_redacted":false,"conversation_toxic":false,"country":"United States","empty_output":false,"evidence_codes":[],"label":"absent","label_present":false,"label_qualified":false,"label_source":"Final dense release","language":"Portuguese","model":"gpt-4o-mini-2024-07-18","n_chars":2529,"n_turns_in_conversation":1,"n_words":332,"source_row_offset":19718,"source_shard":"turns-00055.parquet","timestamp":"Mon, 09 Dec 2024 20:11:30 GMT","turn_id":"09bdf706fc53732ced05916e","turn_index":0,"user_text":"\n                        Usando o seguinte texto:\n                        PORTARIA N\u00ba 445, DE 12 DE JUNHO DE 2023O DIRETOR-GERAL DA SECRETARIA DO TRIBUNAL SUPERIOR ELEITORAL, com base no disposto no caput do art. 38 da Lei n\u00ba 8.112, de 11 de dezembro de 1990, no inciso XVI do art. 116 do Regulamento Interno e na Portaria TSE n\u00ba 288, de 8 de maio de 2020, resolve:Art. 1\u00ba Ficam designados para substituir a Coordenadora de Pessoal, N\u00edvel CJ-2, da Secretaria de Gest\u00e3o de Pessoas da Secretaria do Tribunal nos seus afastamentos e impedimentos legais ou regulamentares:I - Santuzza de Almeida Castro Kammoun, T\u00e9cnica Judici\u00e1ria, \u00c1rea Administrativa, como 1\u00aa substituta;II - Eduardo C\u00e2ndido de Souza, T\u00e9cnico Judici\u00e1rio, \u00c1rea Administrativa, como 2\u00ba substituto; eIII - Marcelo Morais de Souza, T\u00e9cnico Judici\u00e1rio, \u00c1rea Administrativa, como 3\u00ba substituto.Art. 2\u00ba Fica revogado o art. 1\u00ba da Portaria TSE n\u00ba 1017, de 17 de outubro de 2022, publicada no Di\u00e1rio Oficial da Uni\u00e3o do dia 20 subsequente, Se\u00e7\u00e3o 2, p\u00e1gina 50.Art. 3\u00ba Esta portaria entra em vigor na data de sua publica\u00e7\u00e3o.RUI MOREIRA DE OLIVEIRA\n                        Retorne os resultados da seguinte forma:\n                        [\n                            {\"a\u00e7\u00e3o\": \"a\u00e7\u00e3o realizada\",\"Nome\":\"Nome do servidor(se houver)\", \"Cargo\": \"Cargo do servidor (se houver)\"},{\"a\u00e7\u00e3o\": \"a\u00e7\u00e3o realizada\",\"Nome\":\"Nome do servidor(se houver)\", \"Cargo\": \"Cargo do servidor (se houver)\"},\n                        ] \n                        Repita o padr\u00e3o se houver mais de uma a\u00e7\u00e3o.\n\n                        considere como a\u00e7\u00e3o somente os seguintes termos: Nomeado, Vac\u00e2ncia, redistribuido, aposentadoria, Deixar Vago, Licen\u00e7a, Lotar, Afastamento,Reverter, Designar, Tornar sem efeito Nomea\u00e7\u00e3o, Tornar sem efeito vac\u00e2ncia, Remover, Afastar, Demitir, Ceder, Remover, Ceder, Dispensa, Exonerar, Substituir, Reconduzir,Falecimento e Posse . N\u00e3o considere como a\u00e7\u00e3o nenhum termo fora da lista especificada; se nenhum termo casar com os crit\u00e9rios da lista, deixe o campo em branco.\n\n                        Esses documentos ser\u00e3o utilizados em um projeto importante, portanto retorne somente os resultados solicitados corretos e nada mais.\n                    "},{"assistant_initiates":false,"asst_text":"[\n    {\"a\u00e7\u00e3o\": \"Deixar Vago\", \"Nome\": \"ARMENIO DE OLIVEIRA MINEU\", \"Cargo\": \"T\u00e9cnico Judici\u00e1rio, \u00c1rea Administrativa, Sem Especialidade\"}\n]","behavior":"degenerate_repetition","conversation_hash":"ff7ff9ffad2fd3b10a3db86dab97696b","conversation_redacted":false,"conversation_toxic":false,"country":"United States","empty_output":false,"evidence_codes":[],"label":"absent","label_present":false,"label_qualified":false,"label_source":"Final dense release","language":"Portuguese","model":"gpt-4o-mini-2024-07-18","n_chars":1993,"n_turns_in_conversation":1,"n_words":255,"source_row_offset":19719,"source_shard":"turns-00055.parquet","timestamp":"Mon, 09 Dec 2024 20:11:34 GMT","turn_id":"62a31295e51edaf18f285fa0","turn_index":0,"user_text":"\n                        Usando o seguinte texto:\n                        PORTARIA SEGP N\u00ba 78, DE 13 DE JUNHO DE 2023A Secret\u00e1ria de Gest\u00e3o de Pessoas do Tribunal de Justi\u00e7a do Distrito Federal e Territ\u00f3rios, no uso de sua compet\u00eancia delegada por interm\u00e9dio da Portaria GPR 729/2022 e tendo em vista o contido no PA 0020008/2023, resolve:Declarar vago, com base no inciso VIII do art. 33 da Lei 8.112/1990, um cargo de T\u00e9cnico Judici\u00e1rio, \u00c1rea Administrativa, Sem Especialidade, do Quadro de Pessoal deste Tribunal, a partir de 07 de junho de 2023, em virtude de seu ocupante, ARMENIO DE OLIVEIRA MINEU, matr\u00edcula 312933, haver tomado posse em outro cargo p\u00fablico inacumul\u00e1vel neste Tribunal de Justi\u00e7a do Distrito Federal e Territ\u00f3rios.CARMEN CEC\u00cdLIA DA FONSECA LEMES FERREIRA\n                        Retorne os resultados da seguinte forma:\n                        [\n                            {\"a\u00e7\u00e3o\": \"a\u00e7\u00e3o realizada\",\"Nome\":\"Nome do servidor(se houver)\", \"Cargo\": \"Cargo do servidor (se houver)\"},{\"a\u00e7\u00e3o\": \"a\u00e7\u00e3o realizada\",\"Nome\":\"Nome do servidor(se houver)\", \"Cargo\": \"Cargo do servidor (se houver)\"},\n                        ] \n                        Repita o padr\u00e3o se houver mais de uma a\u00e7\u00e3o.\n\n                        considere como a\u00e7\u00e3o somente os seguintes termos: Nomeado, Vac\u00e2ncia, redistribuido, aposentadoria, Deixar Vago, Licen\u00e7a, Lotar, Afastamento,Reverter, Designar, Tornar sem efeito Nomea\u00e7\u00e3o, Tornar sem efeito vac\u00e2ncia, Remover, Afastar, Demitir, Ceder, Remover, Ceder, Dispensa, Exonerar, Substituir, Reconduzir,Falecimento e Posse . N\u00e3o considere como a\u00e7\u00e3o nenhum termo fora da lista especificada; se nenhum termo casar com os crit\u00e9rios da lista, deixe o campo em branco.\n\n                        Esses documentos ser\u00e3o utilizados em um projeto importante, portanto retorne somente os resultados solicitados corretos e nada mais.\n                    "}],"shard":{"index":55,"name":"turns-00055.parquet","rows":65278}}
