{"behavior":"degenerate_repetition","label_filter":null,"limit":10,"next_offset":17048,"offset":17038,"previous_offset":null,"rows":[{"assistant_initiates":false,"asst_text":"A educa\u00e7\u00e3o para o patriotismo no contexto mo\u00e7ambicano deve ser promovida como parte integrante do sistema educativo nacional, com o objetivo de fortalecer o sentimento de identidade e pertencimento \u00e0 na\u00e7\u00e3o mo\u00e7ambicana.\n\n1. Incorpora\u00e7\u00e3o nos curr\u00edculos escolares: O patriotismo deve ser incorporado nos curr\u00edculos escolares desde o ensino b\u00e1sico at\u00e9 o ensino secund\u00e1rio, por meio da inclus\u00e3o de disciplinas como Hist\u00f3ria de Mo\u00e7ambique, Estudos Sociais e C\u00edvica, onde os alunos aprender\u00e3o sobre a hist\u00f3ria do pa\u00eds, seus s\u00edmbolos nacionais, valores culturais e contribui\u00e7\u00f5es para o desenvolvimento nacional.\n\n2. Celebra\u00e7\u00e3o de dias nacionais: A realiza\u00e7\u00e3o de eventos anuais comemorativos de datas importantes para a hist\u00f3ria de Mo\u00e7ambique, como o Dia da Independ\u00eancia e o Dia dos Her\u00f3is Mo\u00e7ambicanos, deve ser incentivada nas escolas. Essas comemora\u00e7\u00f5es podem incluir desfiles, apresenta\u00e7\u00f5es culturais, exposi\u00e7\u00f5es e atividades educativas que destaquem a import\u00e2ncia desses dias para a constru\u00e7\u00e3o da identidade nacional.\n\n3. Desenvolvimento do esp\u00edrito de colabora\u00e7\u00e3o e cidadania: A educa\u00e7\u00e3o para o patriotismo deve enfatizar a import\u00e2ncia da colabora\u00e7\u00e3o e do trabalho em equipe na constru\u00e7\u00e3o de uma sociedade forte e progressista. Os alunos devem ser convidados a participar de atividades comunit\u00e1rias e de voluntariado que promovam o desenvolvimento local e ressaltem a import\u00e2ncia da responsabilidade individual e coletiva.\n\n4. Valoriza\u00e7\u00e3o da diversidade cultural mo\u00e7ambicana: Mo\u00e7ambique \u00e9 um pa\u00eds rico em diversidade \u00e9tnica, cultural e lingu\u00edstica. A educa\u00e7\u00e3o para o patriotismo deve enfatizar a valoriza\u00e7\u00e3o e o respeito pela diversidade cultural do pa\u00eds, promovendo iniciativas que incentivem o di\u00e1logo intercultural e a toler\u00e2ncia, al\u00e9m de destacar a contribui\u00e7\u00e3o de cada grupo \u00e9tnico para a constru\u00e7\u00e3o da na\u00e7\u00e3o mo\u00e7ambicana.\n\n5. Incentivo \u00e0 participa\u00e7\u00e3o pol\u00edtica e ao exerc\u00edcio da cidadania: A educa\u00e7\u00e3o para o patriotismo deve estimular a participa\u00e7\u00e3o pol\u00edtica ativa e o exerc\u00edcio pleno da cidadania, especialmente entre os jovens. Os alunos devem ser incentivados a se envolverem em debates, grupos de discuss\u00e3o e projetos que promovam a conscientiza\u00e7\u00e3o pol\u00edtica e a participa\u00e7\u00e3o ativa na tomada de decis\u00f5es que afetam a sociedade.\n\nAtrav\u00e9s dessas estrat\u00e9gias, a educa\u00e7\u00e3o para o patriotismo no contexto mo\u00e7ambicano pode contribuir para a forma\u00e7\u00e3o de cidad\u00e3os conscientes, engajados e comprometidos com o desenvolvimento do pa\u00eds, fortalecendo assim o sentimento de pertencimento \u00e0 na\u00e7\u00e3o mo\u00e7ambicana.","behavior":"degenerate_repetition","conversation_hash":"db3a5946fda948c039eca28bf12acd99","conversation_redacted":false,"conversation_toxic":false,"country":"Mozambique","empty_output":false,"evidence_codes":[],"label":"absent","label_present":false,"label_qualified":false,"label_source":"Final dense release","language":"Portuguese","model":"gpt-3.5-turbo-0613","n_chars":2551,"n_turns_in_conversation":12,"n_words":369,"source_row_offset":17038,"source_shard":"turns-00013.parquet","timestamp":"Mon, 13 Nov 2023 15:53:52 GMT","turn_id":"a9b6f5b9746e2cb0cc50addc","turn_index":0,"user_text":"Educa\u00e7\u00e3o para o patriotismo no contexto mo\u00e7ambicano"},{"assistant_initiates":false,"asst_text":"No contexto mo\u00e7ambicano, a educa\u00e7\u00e3o para o patriotismo busca fortalecer o sentimento de identidade e pertencimento \u00e0 na\u00e7\u00e3o. Isso pode ser alcan\u00e7ado atrav\u00e9s da incorpora\u00e7\u00e3o nos curr\u00edculos escolares de disciplinas que abordem a hist\u00f3ria de Mo\u00e7ambique e seus valores culturais. A celebra\u00e7\u00e3o de datas nacionais tamb\u00e9m \u00e9 incentivada, promovendo eventos comemorativos nas escolas. Al\u00e9m disso, \u00e9 importante desenvolver o esp\u00edrito de colabora\u00e7\u00e3o e cidadania, valorizando a diversidade cultural e estimulando a participa\u00e7\u00e3o pol\u00edtica e o exerc\u00edcio da cidadania, especialmente entre os jovens. Dessa forma, a educa\u00e7\u00e3o para o patriotismo visa formar cidad\u00e3os conscientes e engajados com o desenvolvimento do pa\u00eds.","behavior":"degenerate_repetition","conversation_hash":"db3a5946fda948c039eca28bf12acd99","conversation_redacted":false,"conversation_toxic":false,"country":"Mozambique","empty_output":false,"evidence_codes":[],"label":"absent","label_present":false,"label_qualified":false,"label_source":"Final dense release","language":"Portuguese","model":"gpt-3.5-turbo-0613","n_chars":719,"n_turns_in_conversation":12,"n_words":102,"source_row_offset":17039,"source_shard":"turns-00013.parquet","timestamp":"Mon, 13 Nov 2023 15:53:52 GMT","turn_id":"4c2d52f7f2cd8e58d814a9d7","turn_index":1,"user_text":"apresentar resumo"},{"assistant_initiates":false,"asst_text":"A introdu\u00e7\u00e3o \u00e0 educa\u00e7\u00e3o para o patriotismo no contexto mo\u00e7ambicano \u00e9 fundamental para compreender a import\u00e2ncia de fortalecer o sentimento de identidade e pertencimento \u00e0 na\u00e7\u00e3o. Neste contexto, \u00e9 imprescind\u00edvel que o sistema educativo nacional promova a educa\u00e7\u00e3o para o patriotismo, a fim de contribuir para o desenvolvimento de cidad\u00e3os conscientes, engajados e comprometidos com o progresso do pa\u00eds. Ao transmitir conhecimentos e valores relacionados \u00e0 hist\u00f3ria de Mo\u00e7ambique, valores culturais, s\u00edmbolos nacionais e contribui\u00e7\u00f5es para o desenvolvimento nacional, \u00e9 poss\u00edvel formar uma base s\u00f3lida para o fortalecimento do sentimento de patriotismo. Atrav\u00e9s da celebra\u00e7\u00e3o de datas importantes para a hist\u00f3ria mo\u00e7ambicana, do est\u00edmulo \u00e0 participa\u00e7\u00e3o pol\u00edtica e ao exerc\u00edcio pleno da cidadania, e da valoriza\u00e7\u00e3o da diversidade cultural do pa\u00eds, a educa\u00e7\u00e3o para o patriotismo busca promover a forma\u00e7\u00e3o de cidad\u00e3os respons\u00e1veis e comprometidos com o desenvolvimento de Mo\u00e7ambique. Assim, \u00e9 essencial discutir e implementar estrat\u00e9gias de educa\u00e7\u00e3o para o patriotismo que sejam adequadas, contextualizadas e eficazes para o cen\u00e1rio mo\u00e7ambicano.","behavior":"degenerate_repetition","conversation_hash":"db3a5946fda948c039eca28bf12acd99","conversation_redacted":false,"conversation_toxic":false,"country":"Mozambique","empty_output":false,"evidence_codes":[],"label":"absent","label_present":false,"label_qualified":false,"label_source":"Final dense release","language":"Portuguese","model":"gpt-3.5-turbo-0613","n_chars":1165,"n_turns_in_conversation":12,"n_words":165,"source_row_offset":17040,"source_shard":"turns-00013.parquet","timestamp":"Mon, 13 Nov 2023 15:53:52 GMT","turn_id":"3afdb603378238435543d9fe","turn_index":2,"user_text":"apresentar a introducao "},{"assistant_initiates":false,"asst_text":"O objetivo geral da educa\u00e7\u00e3o para o patriotismo no contexto mo\u00e7ambicano \u00e9 fortalecer o sentido de identidade e pertencimento \u00e0 na\u00e7\u00e3o, promovendo o desenvolvimento de cidad\u00e3os conscientes, engajados e comprometidos com o progresso do pa\u00eds. Por meio da transmiss\u00e3o de conhecimentos sobre a hist\u00f3ria de Mo\u00e7ambique, valores culturais, s\u00edmbolos nacionais e contribui\u00e7\u00f5es para o desenvolvimento nacional, pretende-se criar uma base s\u00f3lida para o fortalecimento do sentimento de patriotismo. Enfatizando a valoriza\u00e7\u00e3o da diversidade cultural, a participa\u00e7\u00e3o pol\u00edtica ativa e o exerc\u00edcio pleno da cidadania, o objetivo \u00e9 formar cidad\u00e3os respons\u00e1veis e comprometidos com o desenvolvimento sustent\u00e1vel, a unidade nacional e a constru\u00e7\u00e3o de uma sociedade justa e inclusiva em Mo\u00e7ambique.","behavior":"degenerate_repetition","conversation_hash":"db3a5946fda948c039eca28bf12acd99","conversation_redacted":false,"conversation_toxic":false,"country":"Mozambique","empty_output":false,"evidence_codes":[],"label":"absent","label_present":false,"label_qualified":false,"label_source":"Final dense release","language":"Portuguese","model":"gpt-3.5-turbo-0613","n_chars":806,"n_turns_in_conversation":12,"n_words":114,"source_row_offset":17041,"source_shard":"turns-00013.parquet","timestamp":"Mon, 13 Nov 2023 15:53:52 GMT","turn_id":"f8330704eea417c1a1c3b122","turn_index":3,"user_text":"apresentar um objectivo geral"},{"assistant_initiates":false,"asst_text":"1. Promover o conhecimento da hist\u00f3ria de Mo\u00e7ambique: Um objetivo espec\u00edfico da educa\u00e7\u00e3o para o patriotismo no contexto mo\u00e7ambicano \u00e9 garantir que os alunos tenham um conhecimento aprofundado sobre a hist\u00f3ria do pa\u00eds, incluindo eventos-chave, l\u00edderes e movimentos hist\u00f3ricos que contribu\u00edram para a independ\u00eancia e o desenvolvimento de Mo\u00e7ambique. Isso inclui a incorpora\u00e7\u00e3o de disciplinas como Hist\u00f3ria de Mo\u00e7ambique no curr\u00edculo escolar, para que os alunos possam compreender a import\u00e2ncia desse conhecimento na forma\u00e7\u00e3o de uma identidade nacional.\n\n2. Valorizar a diversidade cultural mo\u00e7ambicana: Outro objetivo espec\u00edfico \u00e9 promover a valoriza\u00e7\u00e3o da diversidade cultural em Mo\u00e7ambique. O pa\u00eds \u00e9 caracterizado por uma rica multiplicidade de etnias e tradi\u00e7\u00f5es culturais, que desempenham um papel fundamental na constru\u00e7\u00e3o da identidade nacional. A educa\u00e7\u00e3o para o patriotismo deve destacar e respeitar a diversidade cultural, incentivando o di\u00e1logo intercultural, a toler\u00e2ncia e o respeito m\u00fatuo entre os diferentes grupos \u00e9tnicos do pa\u00eds.\n\n3. Estimular a participa\u00e7\u00e3o pol\u00edtica e a cidadania ativa: Um terceiro objetivo espec\u00edfico \u00e9 incentivar a participa\u00e7\u00e3o pol\u00edtica ativa e o exerc\u00edcio pleno da cidadania. Isso envolve capacitar os alunos a compreenderem seus direitos e responsabilidades como cidad\u00e3os mo\u00e7ambicanos, desenvolver habilidades de lideran\u00e7a e advocacia, bem como encorajar sua participa\u00e7\u00e3o em processos democr\u00e1ticos, como elei\u00e7\u00f5es e tomada de decis\u00f5es comunit\u00e1rias. Atrav\u00e9s desse enfoque, a educa\u00e7\u00e3o para o patriotismo visa formar cidad\u00e3os engajados, capazes de contribuir ativamente para o desenvolvimento sustent\u00e1vel de Mo\u00e7ambique.","behavior":"degenerate_repetition","conversation_hash":"db3a5946fda948c039eca28bf12acd99","conversation_redacted":false,"conversation_toxic":false,"country":"Mozambique","empty_output":false,"evidence_codes":[],"label":"absent","label_present":false,"label_qualified":false,"label_source":"Final dense release","language":"Portuguese","model":"gpt-3.5-turbo-0613","n_chars":1691,"n_turns_in_conversation":12,"n_words":234,"source_row_offset":17042,"source_shard":"turns-00013.parquet","timestamp":"Mon, 13 Nov 2023 15:53:52 GMT","turn_id":"bd80266d640da6a90d06f6f7","turn_index":4,"user_text":"apresentar tres objectivos especificos"},{"assistant_initiates":false,"asst_text":"1. Qual \u00e9 a efic\u00e1cia das abordagens educacionais atuais para promover o patriotismo entre os jovens mo\u00e7ambicanos?\n2. Como a educa\u00e7\u00e3o para o patriotismo pode abordar de forma efetiva a diversidade cultural mo\u00e7ambicana, garantindo inclus\u00e3o e respeito m\u00fatuo entre os diferentes grupos \u00e9tnicos?\n3. De que forma a educa\u00e7\u00e3o para o patriotismo pode estimular a participa\u00e7\u00e3o pol\u00edtica e o exerc\u00edcio da cidadania ativa entre os jovens mo\u00e7ambicanos, contribuindo para o fortalecimento da democracia e o desenvolvimento sustent\u00e1vel do pa\u00eds?","behavior":"degenerate_repetition","conversation_hash":"db3a5946fda948c039eca28bf12acd99","conversation_redacted":false,"conversation_toxic":false,"country":"Mozambique","empty_output":false,"evidence_codes":[],"label":"absent","label_present":false,"label_qualified":false,"label_source":"Final dense release","language":"Portuguese","model":"gpt-3.5-turbo-0613","n_chars":569,"n_turns_in_conversation":12,"n_words":84,"source_row_offset":17043,"source_shard":"turns-00013.parquet","timestamp":"Mon, 13 Nov 2023 15:53:52 GMT","turn_id":"f280eefb32a33b2e56da6e39","turn_index":5,"user_text":"apresentar tres questoes de investigacao"},{"assistant_initiates":false,"asst_text":"A metodologia utilizada para o tema da educa\u00e7\u00e3o para o patriotismo no contexto mo\u00e7ambicano pode envolver diferentes abordagens e t\u00e9cnicas de pesquisa. Alguns m\u00e9todos poss\u00edveis incluem:\n\n1. Revis\u00e3o bibliogr\u00e1fica: Realizar uma revis\u00e3o sistem\u00e1tica da literatura existente sobre o tema, buscando an\u00e1lises e estudos acad\u00eamicos relevantes sobre a educa\u00e7\u00e3o para o patriotismo em Mo\u00e7ambique. Isso inclui a pesquisa de livros, artigos cient\u00edficos, disserta\u00e7\u00f5es e outros recursos que abordem o assunto.\n\n2. Estudo de caso: Realizar estudos de caso em escolas ou institui\u00e7\u00f5es de ensino que j\u00e1 implementam pr\u00e1ticas de educa\u00e7\u00e3o para o patriotismo em Mo\u00e7ambique. Esse m\u00e9todo pode envolver observa\u00e7\u00f5es diretas, entrevistas com professores, diretores e alunos, bem como an\u00e1lise de documentos e materiais educativos utilizados.\n\n3. Pesquisa qualitativa: Realizar entrevistas em profundidade com professores, especialistas em educa\u00e7\u00e3o, autoridades governamentais e membros da comunidade para obter insights sobre suas percep\u00e7\u00f5es, experi\u00eancias e opini\u00f5es sobre a educa\u00e7\u00e3o para o patriotismo em Mo\u00e7ambique. Essa abordagem qualitativa permite uma compreens\u00e3o mais aprofundada das pr\u00e1ticas e desafios enfrentados na implementa\u00e7\u00e3o dessa forma de educa\u00e7\u00e3o.\n\n4. Pesquisa quantitativa: Realizar pesquisas com question\u00e1rios estruturados para coletar dados quantitativos sobre o conhecimento, atitudes e comportamentos dos alunos em rela\u00e7\u00e3o ao patriotismo e \u00e0 identidade nacional. Isso pode ser feito por meio de amostras representativas de estudantes de diferentes faixas et\u00e1rias e regi\u00f5es geogr\u00e1ficas do pa\u00eds.\n\n\u00c9 importante ressaltar que a escolha da metodologia depender\u00e1 dos objetivos espec\u00edficos da pesquisa, da disponibilidade de recursos e do acesso \u00e0s escolas e participantes relevantes. A combina\u00e7\u00e3o de diferentes abordagens pode fornecer uma compreens\u00e3o mais abrangente e aprofundada sobre a educa\u00e7\u00e3o para o patriotismo no contexto mo\u00e7ambicano.","behavior":"degenerate_repetition","conversation_hash":"db3a5946fda948c039eca28bf12acd99","conversation_redacted":false,"conversation_toxic":false,"country":"Mozambique","empty_output":false,"evidence_codes":[],"label":"absent","label_present":false,"label_qualified":false,"label_source":"Final dense release","language":"Portuguese","model":"gpt-3.5-turbo-0613","n_chars":1969,"n_turns_in_conversation":12,"n_words":272,"source_row_offset":17044,"source_shard":"turns-00013.parquet","timestamp":"Mon, 13 Nov 2023 15:53:52 GMT","turn_id":"80ed070b41e7fdb5f17723cb","turn_index":6,"user_text":"apresentar a metodologia usada para o tema"},{"assistant_initiates":false,"asst_text":"A educa\u00e7\u00e3o para o patriotismo \u00e9 um processo de forma\u00e7\u00e3o e educa\u00e7\u00e3o que busca promover e cultivar um senso de identidade, pertencimento e amor \u00e0 na\u00e7\u00e3o. \u00c9 um esfor\u00e7o para transmitir valores, hist\u00f3ria, cultura e s\u00edmbolos nacionais para os indiv\u00edduos, com o objetivo de desenvolver o seu compromisso e envolvimento com o bem-estar e progresso do seu pa\u00eds.\n\nEssa forma de educa\u00e7\u00e3o visa despertar nos indiv\u00edduos um sentimento de responsabilidade em rela\u00e7\u00e3o \u00e0 sua na\u00e7\u00e3o, incentivando a participa\u00e7\u00e3o ativa na sociedade e no desenvolvimento do pa\u00eds. Al\u00e9m disso, busca valorizar e preservar a hist\u00f3ria, tradi\u00e7\u00f5es e valores culturais da na\u00e7\u00e3o, para que as gera\u00e7\u00f5es futuras se conectem com a identidade nacional.\n\nA educa\u00e7\u00e3o para o patriotismo pode ser realizada em diferentes contextos, como escolas, institui\u00e7\u00f5es de ensino superior e na comunidade em geral. Pode envolver aulas espec\u00edficas sobre a hist\u00f3ria e cultura do pa\u00eds, bem como atividades extracurriculares, comemora\u00e7\u00f5es de datas nacionais, participa\u00e7\u00e3o em eventos c\u00edvicos e sociais, entre outros.\n\nO objetivo final dessa educa\u00e7\u00e3o \u00e9 nutrir um senso de pertencimento, compromisso e responsabilidade c\u00edvica nos cidad\u00e3os, para que eles possam contribuir positivamente para o desenvolvimento e bem-estar do seu pa\u00eds.","behavior":"degenerate_repetition","conversation_hash":"db3a5946fda948c039eca28bf12acd99","conversation_redacted":false,"conversation_toxic":false,"country":"Mozambique","empty_output":false,"evidence_codes":[],"label":"absent","label_present":false,"label_qualified":false,"label_source":"Final dense release","language":"Portuguese","model":"gpt-3.5-turbo-0613","n_chars":1294,"n_turns_in_conversation":12,"n_words":197,"source_row_offset":17045,"source_shard":"turns-00013.parquet","timestamp":"Mon, 13 Nov 2023 15:53:52 GMT","turn_id":"62e15ee1ef87f8fe4003d0d6","turn_index":7,"user_text":"o que \u00e9 educacao para patriotismo?"},{"assistant_initiates":false,"asst_text":"educa\u00e7\u00e3o, patriotismo, identidade nacional, pertencimento, amor \u00e0 na\u00e7\u00e3o, valores, hist\u00f3ria, cultura, s\u00edmbolos nacionais, compromisso, responsabilidade c\u00edvica, participa\u00e7\u00e3o ativa, preserva\u00e7\u00e3o, tradi\u00e7\u00f5es, envolvimento, desenvolvimento, bem-estar, educa\u00e7\u00e3o c\u00edvica, cultivo do amor pelo pa\u00eds.","behavior":"degenerate_repetition","conversation_hash":"db3a5946fda948c039eca28bf12acd99","conversation_redacted":false,"conversation_toxic":false,"country":"Mozambique","empty_output":false,"evidence_codes":[],"label":"absent","label_present":false,"label_qualified":false,"label_source":"Final dense release","language":"Portuguese","model":"gpt-3.5-turbo-0613","n_chars":322,"n_turns_in_conversation":12,"n_words":34,"source_row_offset":17046,"source_shard":"turns-00013.parquet","timestamp":"Mon, 13 Nov 2023 15:53:52 GMT","turn_id":"6c8f952928c705f5cbfa10fb","turn_index":8,"user_text":"apresentar palavras-chave do tema"},{"assistant_initiates":false,"asst_text":"A revis\u00e3o bibliogr\u00e1fica \u00e9 uma etapa essencial em qualquer pesquisa acad\u00eamica e permite obter uma vis\u00e3o abrangente e aprofundada sobre o tema em quest\u00e3o. No caso da educa\u00e7\u00e3o para o patriotismo no contexto mo\u00e7ambicano, a revis\u00e3o bibliogr\u00e1fica visa identificar estudos, livros, artigos cient\u00edficos e outras fontes relevantes que abordem o assunto. \n\nAlguns recursos da revis\u00e3o bibliogr\u00e1fica podem incluir:\n\n1. Livros acad\u00eamicos e especializados: Existem obras escritas especificamente sobre a educa\u00e7\u00e3o para o patriotismo em Mo\u00e7ambique ou sobre educa\u00e7\u00e3o c\u00edvica e forma\u00e7\u00e3o de identidade nacional em outros contextos similares. Esses livros pode abordar fundamentos te\u00f3ricos, pr\u00e1ticas pedag\u00f3gicas e impactos da educa\u00e7\u00e3o para o patriotismo.\n\n2. Artigos cient\u00edficos: A pesquisa em peri\u00f3dicos acad\u00eamicos pode revelar estudos emp\u00edricos e te\u00f3ricos que exploram diferentes aspectos da educa\u00e7\u00e3o para o patriotismo em Mo\u00e7ambique. Alguns t\u00f3picos podem incluir estrat\u00e9gias de ensino, resultados da implementa\u00e7\u00e3o, percep\u00e7\u00f5es dos professores e dos alunos, entre outros.\n\n3. Disserta\u00e7\u00f5es e teses acad\u00eamicas: Alunos de programas de mestrado e doutorado podem ter conduzido pesquisas originais sobre a educa\u00e7\u00e3o para o patriotismo em Mo\u00e7ambique. Esses trabalhos fornecem insights valiosos sobre as pr\u00e1ticas atuais, desafios e oportunidades relacionadas ao tema.\n\n4. Relat\u00f3rios de organiza\u00e7\u00f5es e institui\u00e7\u00f5es governamentais: As organiza\u00e7\u00f5es e institui\u00e7\u00f5es governamentais podem ter produzido relat\u00f3rios sobre a implementa\u00e7\u00e3o e resultados da educa\u00e7\u00e3o para o patriotismo em Mo\u00e7ambique. Esses relat\u00f3rios podem fornecer informa\u00e7\u00f5es sobre pol\u00edticas, programas e iniciativas em andamento.\n\n5. Publica\u00e7\u00f5es acad\u00eamicas e populares mo\u00e7ambicanas: Jornais, revistas e outros tipos de publica\u00e7\u00f5es mo\u00e7ambicanas podem abordar o tema da educa\u00e7\u00e3o para o patriotismo de maneira mais localizada. Essas fontes podem trazer perspectivas, discuss\u00f5es e debates espec\u00edficos sobre a pr\u00e1tica e os efeitos da educa\u00e7\u00e3o para o patriotismo em Mo\u00e7ambique.\n\nAo revisar a literatura existente, \u00e9 poss\u00edvel identificar o estado atual do conhecimento, as lacunas de pesquisa e as tend\u00eancias relacionadas \u00e0 educa\u00e7\u00e3o para o patriotismo no contexto mo\u00e7ambicano. Essa revis\u00e3o bibliogr\u00e1fica servir\u00e1 como base para a pesquisa posterior e a formula\u00e7\u00e3o de argumentos s\u00f3lidos no desenvolvimento do tema.","behavior":"degenerate_repetition","conversation_hash":"db3a5946fda948c039eca28bf12acd99","conversation_redacted":false,"conversation_toxic":false,"country":"Mozambique","empty_output":false,"evidence_codes":[],"label":"absent","label_present":false,"label_qualified":false,"label_source":"Final dense release","language":"Portuguese","model":"gpt-3.5-turbo-0613","n_chars":2369,"n_turns_in_conversation":12,"n_words":328,"source_row_offset":17047,"source_shard":"turns-00013.parquet","timestamp":"Mon, 13 Nov 2023 15:53:52 GMT","turn_id":"27ad89910834952ac72e475f","turn_index":9,"user_text":"apresentar a revisao bibliografica"}],"shard":{"index":13,"name":"turns-00013.parquet","rows":86733}}
