{"behavior":"degenerate_repetition","label_filter":null,"limit":10,"next_offset":1491,"offset":1481,"previous_offset":null,"rows":[{"assistant_initiates":false,"asst_text":"\u0645\u062a\u0623\u0633\u0641\u0627\u0646\u0647\u060c \u0645\u0646 \u0646\u0645\u06cc\u200c\u062a\u0648\u0627\u0646\u0645 \u062a\u0635\u0627\u0648\u06cc\u0631 \u0631\u0627 \u062c\u0633\u062a\u062c\u0648 \u06cc\u0627 \u0646\u0645\u0627\u06cc\u0634 \u062f\u0647\u0645. \u0627\u0645\u0627 \u0645\u06cc\u200c\u062a\u0648\u0627\u0646\u0645 \u0628\u0647 \u0634\u0645\u0627 \u0628\u06af\u0648\u06cc\u0645 \u06a9\u0647 \u0628\u0631\u0627\u06cc \u067e\u06cc\u062f\u0627 \u06a9\u0631\u062f\u0646 \u0639\u06a9\u0633\u06cc \u0627\u0632 \u062d\u0627\u0645\u062f \u0628\u0647\u062f\u0627\u062f \u062f\u0631 \u06a9\u0646\u0627\u0631 \u062f\u0631\u06cc\u0627 \u062f\u0631 \u062d\u0627\u0644 \u0633\u06cc\u06af\u0627\u0631 \u06a9\u0634\u06cc\u062f\u0646\u060c \u0645\u06cc\u200c\u062a\u0648\u0627\u0646\u06cc\u062f \u0628\u0647 \u0645\u0648\u062a\u0648\u0631\u0647\u0627\u06cc \u062c\u0633\u062a\u062c\u0648\u06cc \u0627\u06cc\u0646\u062a\u0631\u0646\u062a\u06cc \u06cc\u0627 \u0634\u0628\u06a9\u0647\u200c\u0647\u0627\u06cc \u0627\u062c\u062a\u0645\u0627\u0639\u06cc \u0645\u0631\u0627\u062c\u0639\u0647 \u06a9\u0646\u06cc\u062f. \u0627\u06af\u0631 \u0633\u0648\u0627\u0644 \u062f\u06cc\u06af\u0631\u06cc \u062f\u0627\u0631\u06cc\u062f\u060c \u062e\u0648\u0634\u062d\u0627\u0644 \u0645\u06cc\u200c\u0634\u0648\u0645 \u06a9\u0645\u06a9 \u06a9\u0646\u0645!","behavior":"degenerate_repetition","conversation_hash":"1c823acc6df49a09ea5aeced3084d0c8","conversation_redacted":false,"conversation_toxic":false,"country":"United States","empty_output":false,"evidence_codes":[],"label":"absent","label_present":false,"label_qualified":false,"label_source":"Final dense release","language":"Persian","model":"gpt-4o-mini-2024-07-18","n_chars":317,"n_turns_in_conversation":1,"n_words":59,"source_row_offset":1481,"source_shard":"turns-00059.parquet","timestamp":"Fri, 10 Jan 2025 21:15:14 GMT","turn_id":"2a76372c790a25f0bb9da452","turn_index":0,"user_text":"\u06cc\u0647 \u0639\u06a9\u0633 \u0627\u0632 \u062d\u0627\u0645\u062f \u0628\u0647\u062f\u0627\u062f \u062f\u0631 \u06a9\u0646\u0627\u0631 \u062f\u0631\u06cc\u0627 \u062f\u0631 \u062d\u0627\u0644 \u0633\u06cc\u06af\u0627\u0631 \u06a9\u0634\u06cc\u062f\u0646"},{"assistant_initiates":false,"asst_text":"[\n    {\"a\u00e7\u00e3o\": \"Designar\", \"Nome\": \"FAB\u00cdOLA MIRELA PORTELA MENDON\u00c7A GOIS\", \"Cargo\": \"Analista Judici\u00e1rio, \u00c1rea Judici\u00e1ria\"},\n    {\"a\u00e7\u00e3o\": \"Designar\", \"Nome\": \"VALDENIR REZENDE JUNIOR\", \"Cargo\": \"Analista Judici\u00e1rio, \u00c1rea Judici\u00e1ria\"},\n    {\"a\u00e7\u00e3o\": \"Designar\", \"Nome\": \"FREDERICO VILARINHO DE MORAES ROCHA\", \"Cargo\": \"T\u00e9cnico Judici\u00e1rio, \u00c1rea Administrativa\"},\n    {\"a\u00e7\u00e3o\": \"Dispensa\", \"Nome\": \"DANIELA PIRES CARDOSO\", \"Cargo\": \"T\u00e9cnico Judici\u00e1rio, \u00c1rea Administrativa\"},\n    {\"a\u00e7\u00e3o\": \"Designar\", \"Nome\": \"COSLITA OLIVEIRA DO NASCIMENTO DE SOUZA ALVES\", \"Cargo\": \"T\u00e9cnico Judici\u00e1rio, \u00c1rea Administrativa\"}\n]","behavior":"degenerate_repetition","conversation_hash":"fcb03d9f91088019e5a5d22249d72efa","conversation_redacted":false,"conversation_toxic":false,"country":"Colombia","empty_output":false,"evidence_codes":[],"label":"absent","label_present":false,"label_qualified":false,"label_source":"Final dense release","language":"Portuguese","model":"gpt-4o-mini-2024-07-18","n_chars":3777,"n_turns_in_conversation":1,"n_words":484,"source_row_offset":1482,"source_shard":"turns-00059.parquet","timestamp":"Fri, 10 Jan 2025 21:15:16 GMT","turn_id":"47ef689454333e469cbd918c","turn_index":0,"user_text":"\n                        Usando o seguinte texto:\n                        O PRESIDENTE DO TRIBUNAL DE JUSTI\u00c7A DO DISTRITO FEDERAL E TERRIT\u00d3RIOS, no uso de sua compet\u00eancia legal e tendo em vista o contido no PA N\u00ba 1062529/2019, resolve: Art. 1\u00ba Designar a Bacharela em Direito, FAB\u00cdOLA MIRELA PORTELA MENDON\u00c7A GOIS, matr\u00edcula N. 315.293, Analista Judici\u00e1rio, \u00c1rea Judici\u00e1ria, do Quadro de Pessoal deste Tribunal, para exercer a Fun\u00e7\u00e3o Comissionada, FC-05, de Oficial de Gabinete, destinada ao Substituto do Diretor de Secretaria da Vara C\u00edvel da Circunscri\u00e7\u00e3o Judici\u00e1ria do Parano\u00e1. Art. 2\u00ba Designar o Bacharel em Direito, VALDENIR REZENDE JUNIOR, matr\u00edcula N. 320.208, Analista Judici\u00e1rio, \u00c1rea Judici\u00e1ria, do Quadro de Pessoal deste Tribunal, para exercer a Fun\u00e7\u00e3o Comissionada, FC-05, de Oficial de Gabinete, destinada ao Secret\u00e1rio do Juiz da Vara C\u00edvel da Circunscri\u00e7\u00e3o Judici\u00e1ria do Parano\u00e1, ficando dispensado da Fun\u00e7\u00e3o Comissionada, FC-05, de Oficial de Gabinete, destinada ao Substituto do Diretor de Secretaria da referida Unidade. Art. 3\u00ba Designar FREDERICO VILARINHO DE MORAES ROCHA, matr\u00edcula N. 319.557, T\u00e9cnico Judici\u00e1rio, \u00c1rea Administrativa, do Quadro de Pessoal deste Tribunal, para exercer a Fun\u00e7\u00e3o Comissionada, FC-03, de Assistente da Vara C\u00edvel da Circunscri\u00e7\u00e3o Judici\u00e1ria do Parano\u00e1, ficando dispensado da Fun\u00e7\u00e3o Comissionada, FC-05, de Oficial de Gabinete destinada ao Secret\u00e1rio do Juiz da referida Unidade. Art. 4\u00ba Dispensar DANIELA PIRES CARDOSO, matr\u00edcula N. 315.514, T\u00e9cnico Judici\u00e1rio, \u00c1rea Administrativa, do Quadro de Pessoal deste Tribunal da Fun\u00e7\u00e3o Comissionada, FC-01, de Executante da Vara C\u00edvel da Circunscri\u00e7\u00e3o Judici\u00e1ria do Parano\u00e1. Art. 5\u00ba Designar COSLITA OLIVEIRA DO NASCIMENTO DE SOUZA ALVES, matr\u00edcula N. 312.128, T\u00e9cnico Judici\u00e1rio, \u00c1rea Administrativa, do Quadro de Pessoal deste Tribunal, para exercer a Fun\u00e7\u00e3o Comissionada, FC-01, de Executante da Vara C\u00edvel da Circunscri\u00e7\u00e3o Judici\u00e1ria do Parano\u00e1, ficando dispensada da Fun\u00e7\u00e3o Comissionada, FC-03, de Assistente da referida Unidade. Art. 6\u00ba Esta Portaria entra em vigor na data de sua publica\u00e7\u00e3o.\n                        Retorne os resultados da seguinte forma:\n                        [\n                            {\"a\u00e7\u00e3o\": \"a\u00e7\u00e3o realizada\",\"Nome\":\"Nome do servidor(se houver)\", \"Cargo\": \"Cargo do servidor (se houver)\"},{\"a\u00e7\u00e3o\": \"a\u00e7\u00e3o realizada\",\"Nome\":\"Nome do servidor(se houver)\", \"Cargo\": \"Cargo do servidor (se houver)\"},\n                        ] \n                        Repita o padr\u00e3o se houver mais de uma a\u00e7\u00e3o.\n\n                        considere como a\u00e7\u00e3o somente os seguintes termos: Nomeado, Vac\u00e2ncia, redistribuido, aposentadoria, Deixar Vago, Licen\u00e7a, Lotar, Afastamento,Reverter, Designar, Tornar sem efeito Nomea\u00e7\u00e3o, Tornar sem efeito vac\u00e2ncia, Remover, Afastar, Demitir, Ceder, Remover, Ceder, Dispensa, Exonerar, Substituir, Reconduzir, Falecimento e Posse . N\u00e3o considere como a\u00e7\u00e3o nenhum termo fora da lista especificada; se nenhum termo casar com os crit\u00e9rios da lista, deixe o campo em branco.\n\n                        Esses documentos ser\u00e3o utilizados em um projeto importante, portanto retorne somente os resultados solicitados corretos e nada mais.\n                    "},{"assistant_initiates":false,"asst_text":"[\n    {\"a\u00e7\u00e3o\": \"Designar\", \"Nome\": \"JOSE OSCAR DA SILVA DOS SANTOS\", \"Cargo\": \"T\u00e9cnico Judici\u00e1rio, \u00c1rea Administrativa\"},\n    {\"a\u00e7\u00e3o\": \"Dispensa\", \"Nome\": \"J\u00c9SSICA LOIANE DOS SANTOS LIMA ALVARES MACHADO\", \"Cargo\": \"T\u00e9cnico Judici\u00e1rio, \u00c1rea Administrativa\"}\n]","behavior":"degenerate_repetition","conversation_hash":"80fe884b2a3212ef21a65e5c73881831","conversation_redacted":false,"conversation_toxic":false,"country":"United States","empty_output":false,"evidence_codes":[],"label":"absent","label_present":false,"label_qualified":false,"label_source":"Final dense release","language":"Portuguese","model":"gpt-4o-mini-2024-07-18","n_chars":2066,"n_turns_in_conversation":1,"n_words":257,"source_row_offset":1483,"source_shard":"turns-00059.parquet","timestamp":"Fri, 10 Jan 2025 21:15:17 GMT","turn_id":"5528a0e59057a1dec9fac31c","turn_index":0,"user_text":"\n                        Usando o seguinte texto:\n                        O PRESIDENTE DO TRIBUNAL DE JUSTI\u00c7A DO DISTRITO FEDERAL E TERRIT\u00d3RIOS, no uso de sua compet\u00eancia legal e tendo em vista o contido no PA N\u00ba 1061529/2019, resolve: Art. 1\u00ba Designar JOSE OSCAR DA SILVA DOS SANTOS, matr\u00edcula N. 316.556, T\u00e9cnico Judici\u00e1rio, \u00c1rea Administrativa, do Quadro de Pessoal deste Tribunal, para exercer a Fun\u00e7\u00e3o Comissionada, FC-03, de Assistente da 1\u00aa Vara C\u00edvel da Circunscri\u00e7\u00e3o Judici\u00e1ria de Ceil\u00e2ndia, ficando dispensada J\u00c9SSICA LOIANE DOS SANTOS LIMA ALVARES MACHADO, matr\u00edcula N. 317.076, T\u00e9cnico Judici\u00e1rio, \u00c1rea Administrativa, do Quadro de Pessoal deste Tribunal. Art. 2\u00ba Esta Portaria entra em vigor na data de sua publica\u00e7\u00e3o.\n                        Retorne os resultados da seguinte forma:\n                        [\n                            {\"a\u00e7\u00e3o\": \"a\u00e7\u00e3o realizada\",\"Nome\":\"Nome do servidor(se houver)\", \"Cargo\": \"Cargo do servidor (se houver)\"},{\"a\u00e7\u00e3o\": \"a\u00e7\u00e3o realizada\",\"Nome\":\"Nome do servidor(se houver)\", \"Cargo\": \"Cargo do servidor (se houver)\"},\n                        ] \n                        Repita o padr\u00e3o se houver mais de uma a\u00e7\u00e3o.\n\n                        considere como a\u00e7\u00e3o somente os seguintes termos: Nomeado, Vac\u00e2ncia, redistribuido, aposentadoria, Deixar Vago, Licen\u00e7a, Lotar, Afastamento,Reverter, Designar, Tornar sem efeito Nomea\u00e7\u00e3o, Tornar sem efeito vac\u00e2ncia, Remover, Afastar, Demitir, Ceder, Remover, Ceder, Dispensa, Exonerar, Substituir, Reconduzir, Falecimento e Posse . N\u00e3o considere como a\u00e7\u00e3o nenhum termo fora da lista especificada; se nenhum termo casar com os crit\u00e9rios da lista, deixe o campo em branco.\n\n                        Esses documentos ser\u00e3o utilizados em um projeto importante, portanto retorne somente os resultados solicitados corretos e nada mais.\n                    "},{"assistant_initiates":false,"asst_text":"[\n    {\"a\u00e7\u00e3o\": \"Designar\", \"Nome\": \"SABRINA BARBOSA ALEXANDRE\", \"Cargo\": \"T\u00e9cnico Judici\u00e1rio, \u00c1rea Administrativa\"},\n    {\"a\u00e7\u00e3o\": \"Dispensa\", \"Nome\": \"WESSER LINDOLFO DA SILVA ARAUJO\", \"Cargo\": \"T\u00e9cnico Judici\u00e1rio, \u00c1rea Administrativa\"}\n]","behavior":"degenerate_repetition","conversation_hash":"536b4103f66d85c51b6830446cbbb70a","conversation_redacted":false,"conversation_toxic":false,"country":"United States","empty_output":false,"evidence_codes":[],"label":"absent","label_present":false,"label_qualified":false,"label_source":"Final dense release","language":"Portuguese","model":"gpt-4o-mini-2024-07-18","n_chars":2027,"n_turns_in_conversation":1,"n_words":247,"source_row_offset":1484,"source_shard":"turns-00059.parquet","timestamp":"Fri, 10 Jan 2025 21:15:33 GMT","turn_id":"4a6abaa94e8d6c6f62ce2314","turn_index":0,"user_text":"\n                        Usando o seguinte texto:\n                        O PRESIDENTE DO TRIBUNAL DE JUSTI\u00c7A DO DISTRITO FEDERAL E TERRIT\u00d3RIOS, no uso de sua compet\u00eancia legal e tendo em vista o contido no PA N. 1062772/2019, resolve: Art. 1\u00ba Designar SABRINA BARBOSA ALEXANDRE, matr\u00edcula N. 315.834, T\u00e9cnico Judici\u00e1rio, \u00c1rea Administrativa, do Quadro de Pessoal deste Tribunal, para exercer a Fun\u00e7\u00e3o Comissionada, FC-01, de Executante da 4\u00aa Vara C\u00edvel da Circunscri\u00e7\u00e3o Judici\u00e1ria de Taguatinga, ficando dispensado WESSER LINDOLFO DA SILVA ARAUJO, matr\u00edcula N. 317.991, T\u00e9cnico Judici\u00e1rio, \u00c1rea Administrativa, do Quadro de Pessoal deste Tribunal. Art. 2\u00ba Esta Portaria entra em vigor na data de sua publica\u00e7\u00e3o.\n                        Retorne os resultados da seguinte forma:\n                        [\n                            {\"a\u00e7\u00e3o\": \"a\u00e7\u00e3o realizada\",\"Nome\":\"Nome do servidor(se houver)\", \"Cargo\": \"Cargo do servidor (se houver)\"},{\"a\u00e7\u00e3o\": \"a\u00e7\u00e3o realizada\",\"Nome\":\"Nome do servidor(se houver)\", \"Cargo\": \"Cargo do servidor (se houver)\"},\n                        ] \n                        Repita o padr\u00e3o se houver mais de uma a\u00e7\u00e3o.\n\n                        considere como a\u00e7\u00e3o somente os seguintes termos: Nomeado, Vac\u00e2ncia, redistribuido, aposentadoria, Deixar Vago, Licen\u00e7a, Lotar, Afastamento,Reverter, Designar, Tornar sem efeito Nomea\u00e7\u00e3o, Tornar sem efeito vac\u00e2ncia, Remover, Afastar, Demitir, Ceder, Remover, Ceder, Dispensa, Exonerar, Substituir, Reconduzir, Falecimento e Posse . N\u00e3o considere como a\u00e7\u00e3o nenhum termo fora da lista especificada; se nenhum termo casar com os crit\u00e9rios da lista, deixe o campo em branco.\n\n                        Esses documentos ser\u00e3o utilizados em um projeto importante, portanto retorne somente os resultados solicitados corretos e nada mais.\n                    "},{"assistant_initiates":false,"asst_text":"```json\n{\n\t\"mainConcepts\": [\"React.js\", \"learning\"],\n\t\"semanticTokens\": [\"learn\", \"React\", \"JavaScript\", \"library\"],\n\t\"synonyms\": {\n\t\t\"learn\": [\"study\", \"acquire knowledge\", \"understand\"],\n\t\t\"React.js\": [\"React\", \"ReactJS\", \"JavaScript library\"]\n\t},\n\t\"type\": \"course_query\"\n}\n```","behavior":"degenerate_repetition","conversation_hash":"32245e7f07ba19d99af32bfd8541a468","conversation_redacted":false,"conversation_toxic":false,"country":"France","empty_output":false,"evidence_codes":[],"label":"absent","label_present":false,"label_qualified":false,"label_source":"Final dense release","language":"English","model":"gpt-4o-mini-2024-07-18","n_chars":746,"n_turns_in_conversation":1,"n_words":88,"source_row_offset":1485,"source_shard":"turns-00059.parquet","timestamp":"Fri, 10 Jan 2025 21:15:45 GMT","turn_id":"9e14e4e870cd8442fc036c2d","turn_index":0,"user_text":"Assistant: Extract key semantic tokens and concepts from the given text. Include synonyms and related terms.\nUser: Analyze this text and return as a JSON with semantic tokens:\nText: \"i want to learn react.js \"\n**Return format**: {\n\t\"mainConcepts\": [\"concept1\", \"concept2\"],\n\t\"semanticTokens\": [\"token1\", \"token2\"],\n\t\"synonyms\": {\"word1\": [\"syn1\", \"syn2\"], \"word2\": [\"syn1\", \"syn2\"]},\n\t\"type\": \"greeting\" | \"course_query\" | \"application_help\" | \"general\"\n}\nAssistant:"},{"assistant_initiates":false,"asst_text":"That's great! React.js is a powerful library for building user interfaces. Are you looking for beginner resources or do you have some experience with JavaScript already?","behavior":"degenerate_repetition","conversation_hash":"d9233beca0ba090e31d30eb26bb170a0","conversation_redacted":false,"conversation_toxic":false,"country":"China","empty_output":false,"evidence_codes":[],"label":"absent","label_present":false,"label_qualified":false,"label_source":"Final dense release","language":"English","model":"gpt-4o-mini-2024-07-18","n_chars":331,"n_turns_in_conversation":1,"n_words":51,"source_row_offset":1486,"source_shard":"turns-00059.parquet","timestamp":"Fri, 10 Jan 2025 21:15:46 GMT","turn_id":"4d28afae6408faabc20f2311","turn_index":0,"user_text":"Assistant: You are a helpful course advisor. Respond naturally to greetings and questions with a simple text response.\nUser: i want to learn react.js \nAssistant:"},{"assistant_initiates":false,"asst_text":"[\n    {\"a\u00e7\u00e3o\": \"Dispensa\", \"Nome\": \"JUDITH DE ANDRADE ZOEHLER SANTA HELENA\", \"Cargo\": \"Analista Judici\u00e1rio, \u00c1rea Judici\u00e1ria\"},\n    {\"a\u00e7\u00e3o\": \"Designar\", \"Nome\": \"MARINA RIBEIRO SCHIAFFINO RICCIARDONE\", \"Cargo\": \"Analista Judici\u00e1rio, \u00c1rea Judici\u00e1ria\"},\n    {\"a\u00e7\u00e3o\": \"Designar\", \"Nome\": \"LIDIA CUNHA SUHET\", \"Cargo\": \"T\u00e9cnico Judici\u00e1rio, \u00c1rea Administrativa\"},\n    {\"a\u00e7\u00e3o\": \"Designar\", \"Nome\": \"RAFAELLA RAMOS DE ANDRADE\", \"Cargo\": \"T\u00e9cnico Judici\u00e1rio, \u00c1rea Administrativa\"},\n    {\"a\u00e7\u00e3o\": \"Designar\", \"Nome\": \"FERNANDA ABIORANA DIAS FERREIRA\", \"Cargo\": \"T\u00e9cnico Judici\u00e1rio, \u00c1rea Administrativa\"}\n]","behavior":"degenerate_repetition","conversation_hash":"1777e35ba0fa3785c1b3c4f18240bba4","conversation_redacted":false,"conversation_toxic":false,"country":"United States","empty_output":false,"evidence_codes":[],"label":"absent","label_present":false,"label_qualified":false,"label_source":"Final dense release","language":"Portuguese","model":"gpt-4o-mini-2024-07-18","n_chars":3764,"n_turns_in_conversation":1,"n_words":489,"source_row_offset":1487,"source_shard":"turns-00059.parquet","timestamp":"Fri, 10 Jan 2025 21:15:52 GMT","turn_id":"c80a6cdb249459cf0f3576c5","turn_index":0,"user_text":"\n                        Usando o seguinte texto:\n                        O PRESIDENTE DO TRIBUNAL DE JUSTI\u00c7A DO DISTRITO FEDERAL E TERRIT\u00d3RIOS, no uso de sua compet\u00eancia legal e tendo em vista o contido no PA N\u00ba 1062320/2019, resolve: Art. 1\u00ba Dispensar JUDITH DE ANDRADE ZOEHLER SANTA HELENA, matr\u00edcula N. 311.740, Analista Judici\u00e1rio, \u00c1rea Judici\u00e1ria, do Quadro de Pessoal deste Tribunal, da Fun\u00e7\u00e3o Comissionada, FC-05, de Oficial de Gabinete, do Gabinete do Exmo. Sr. Juiz de Direito da Terceira Turma Recursal, Dr. Carlos Alberto Martins Filho. Art. 2\u00ba Designar a Bacharela em Direito, MARINA RIBEIRO SCHIAFFINO RICCIARDONE, matr\u00edcula N. 317.017, Analista Judici\u00e1rio, \u00c1rea Judici\u00e1ria, do Quadro de Pessoal deste Tribunal, para exercer a Fun\u00e7\u00e3o Comissionada, FC-05, de Oficial de Gabinete, do Gabinete do Exmo. Sr. Juiz de Direito da Terceira Turma Recursal, Dr. Carlos Alberto Martins Filho, ficando dispensada da Fun\u00e7\u00e3o Comissionada, FC-04, da referida Unidade. Art. 3\u00ba Designar LIDIA CUNHA SUHET, matr\u00edcula N. 315.848, T\u00e9cnico Judici\u00e1rio, \u00c1rea Administrativa, do Quadro de Pessoal deste Tribunal, para exercer a Fun\u00e7\u00e3o Comissionada, FC-04, do Gabinete do Exmo. Sr. Juiz de Direito da Terceira Turma Recursal, Dr. Carlos Alberto Martins Filho, ficando dispensada da Fun\u00e7\u00e3o Comissionada, FC-03, de Assistente de Gabinete da referida Unidade. Art. 4\u00ba Designar RAFAELLA RAMOS DE ANDRADE, matr\u00edcula N. 319.053, T\u00e9cnico Judici\u00e1rio, \u00c1rea Administrativa, do Quadro de Pessoal deste Tribunal, para exercer a Fun\u00e7\u00e3o Comissionada, FC-03, de Assistente de Gabinete, do Gabinete do Exmo. Sr. Juiz de Direito da Terceira Turma Recursal, Dr. Carlos Alberto Martins Filho, ficando dispensada da Fun\u00e7\u00e3o Comissionada, FC-01, da referida Unidade. Art. 5\u00ba Designar FERNANDA ABIORANA DIAS FERREIRA, matr\u00edcula N. 312.371, T\u00e9cnico Judici\u00e1rio, \u00c1rea Administrativa, do Quadro de Pessoal deste Tribunal, para exercer a Fun\u00e7\u00e3o Comissionada, FC-01, do Gabinete do Exmo. Sr. Juiz de Direito da Terceira Turma Recursal, Dr. Carlos Alberto Martins Filho. Art. 6\u00ba Esta Portaria entra em vigor na data de sua publica\u00e7\u00e3o.\n                        Retorne os resultados da seguinte forma:\n                        [\n                            {\"a\u00e7\u00e3o\": \"a\u00e7\u00e3o realizada\",\"Nome\":\"Nome do servidor(se houver)\", \"Cargo\": \"Cargo do servidor (se houver)\"},{\"a\u00e7\u00e3o\": \"a\u00e7\u00e3o realizada\",\"Nome\":\"Nome do servidor(se houver)\", \"Cargo\": \"Cargo do servidor (se houver)\"},\n                        ] \n                        Repita o padr\u00e3o se houver mais de uma a\u00e7\u00e3o.\n\n                        considere como a\u00e7\u00e3o somente os seguintes termos: Nomeado, Vac\u00e2ncia, redistribuido, aposentadoria, Deixar Vago, Licen\u00e7a, Lotar, Afastamento,Reverter, Designar, Tornar sem efeito Nomea\u00e7\u00e3o, Tornar sem efeito vac\u00e2ncia, Remover, Afastar, Demitir, Ceder, Remover, Ceder, Dispensa, Exonerar, Substituir, Reconduzir, Falecimento e Posse . N\u00e3o considere como a\u00e7\u00e3o nenhum termo fora da lista especificada; se nenhum termo casar com os crit\u00e9rios da lista, deixe o campo em branco.\n\n                        Esses documentos ser\u00e3o utilizados em um projeto importante, portanto retorne somente os resultados solicitados corretos e nada mais.\n                    "},{"assistant_initiates":false,"asst_text":"[\n    {\"a\u00e7\u00e3o\": \"Falecimento\", \"Nome\": \"Laurentino Silva Filho\", \"Cargo\": \"\"}\n]","behavior":"degenerate_repetition","conversation_hash":"24d53337e197ff4ae6a2b0dc7d4b5a3f","conversation_redacted":false,"conversation_toxic":false,"country":"United Kingdom","empty_output":false,"evidence_codes":[],"label":"absent","label_present":false,"label_qualified":false,"label_source":"Final dense release","language":"Portuguese","model":"gpt-4o-mini-2024-07-18","n_chars":1853,"n_turns_in_conversation":1,"n_words":246,"source_row_offset":1488,"source_shard":"turns-00059.parquet","timestamp":"Fri, 10 Jan 2025 21:16:08 GMT","turn_id":"5ba6b7a824c520b289b23479","turn_index":0,"user_text":"\n                        Usando o seguinte texto:\n                        A PRESIDENTE DO TRIBUNAL REGIONAL DO TRABALHO DA QUINTA REGI\u00c3O, no uso de suas atribui\u00e7\u00f5es legais e regimentais, tendo em vista o que consta no processo PROAD- 13102/2019, resolve: Conceder pens\u00e3o vital\u00edcia a MARIA THEREZA HONORATO SILVA, vi\u00fava do servidor falecido Laurentino Silva Filho, com fundamento nos artigos 215, 217, I e 222, VII, \"b\", \"6\", da Lei n\u00ba 8.112/90 (Reda\u00e7\u00e3o dada pela Lei n\u00ba 13.135/2015); art. 40, \u00a7 7\u00ba, I, da CF/88 e art. 2\u00ba, I, da Lei n\u00ba 10.887/2004, \u00e0 base de 100% do valor previsto nos artigos 40, \u00a77\u00ba, I da CF/88 e 2\u00ba, I, da Lei n\u00ba 10.887/2004, a contar de 30/06/2019, data do \u00f3bito do ex-servidor.\n                        Retorne os resultados da seguinte forma:\n                        [\n                            {\"a\u00e7\u00e3o\": \"a\u00e7\u00e3o realizada\",\"Nome\":\"Nome do servidor(se houver)\", \"Cargo\": \"Cargo do servidor (se houver)\"},{\"a\u00e7\u00e3o\": \"a\u00e7\u00e3o realizada\",\"Nome\":\"Nome do servidor(se houver)\", \"Cargo\": \"Cargo do servidor (se houver)\"},\n                        ] \n                        Repita o padr\u00e3o se houver mais de uma a\u00e7\u00e3o.\n\n                        considere como a\u00e7\u00e3o somente os seguintes termos: Nomeado, Vac\u00e2ncia, redistribuido, aposentadoria, Deixar Vago, Licen\u00e7a, Lotar, Afastamento,Reverter, Designar, Tornar sem efeito Nomea\u00e7\u00e3o, Tornar sem efeito vac\u00e2ncia, Remover, Afastar, Demitir, Ceder, Remover, Ceder, Dispensa, Exonerar, Substituir, Reconduzir, Falecimento e Posse . N\u00e3o considere como a\u00e7\u00e3o nenhum termo fora da lista especificada; se nenhum termo casar com os crit\u00e9rios da lista, deixe o campo em branco.\n\n                        Esses documentos ser\u00e3o utilizados em um projeto importante, portanto retorne somente os resultados solicitados corretos e nada mais.\n                    "},{"assistant_initiates":false,"asst_text":"[\n    {\"a\u00e7\u00e3o\": \"Nomear\", \"Nome\": \"RAFAEL ARA\u00daJO LEAL\", \"Cargo\": \"Coordenador Jur\u00eddico-Operacional\"},\n    {\"a\u00e7\u00e3o\": \"Exonerar\", \"Nome\": \"RAFAEL ARA\u00daJO LEAL\", \"Cargo\": \"Secret\u00e1rio da Corregedoria Regional\"}\n]","behavior":"degenerate_repetition","conversation_hash":"9a27bfa7d15e0d0e4312e65ce3bb2761","conversation_redacted":false,"conversation_toxic":false,"country":"Spain","empty_output":false,"evidence_codes":[],"label":"absent","label_present":false,"label_qualified":false,"label_source":"Final dense release","language":"Portuguese","model":"gpt-4o-mini-2024-07-18","n_chars":1890,"n_turns_in_conversation":1,"n_words":229,"source_row_offset":1489,"source_shard":"turns-00059.parquet","timestamp":"Fri, 10 Jan 2025 21:16:35 GMT","turn_id":"1c1b1d170777596e3b5e2f27","turn_index":0,"user_text":"\n                        Usando o seguinte texto:\n                        A DESEMBARGADORA DO TRABALHO, PRESIDENTE DO TRIBUNAL REGIONAL DO TRABALHO DA 9\u00aa REGI\u00c3O, usando de suas atribui\u00e7\u00f5es legais, diante do disposto nos art. 25 do Regimento Interno,resolve: I - Nomear, RAFAEL ARA\u00daJO LEAL, servidor extraquadro, nos termos do art. 9\u00ba, II, da Lei n.\u00ba 8.112/1990, para EXERCER o Cargo em Comiss\u00e3o de Coordenador Jur\u00eddico-Operacional (c-9679), c\u00f3digo TRT9\u00aa CJ-2, da Secretaria Geral Judici\u00e1ria. II - Exonerar o servidor mencionado no item I deste Ato do Cargo em Comiss\u00e3o de Secret\u00e1rio da Corregedoria Regional.\n                        Retorne os resultados da seguinte forma:\n                        [\n                            {\"a\u00e7\u00e3o\": \"a\u00e7\u00e3o realizada\",\"Nome\":\"Nome do servidor(se houver)\", \"Cargo\": \"Cargo do servidor (se houver)\"},{\"a\u00e7\u00e3o\": \"a\u00e7\u00e3o realizada\",\"Nome\":\"Nome do servidor(se houver)\", \"Cargo\": \"Cargo do servidor (se houver)\"},\n                        ] \n                        Repita o padr\u00e3o se houver mais de uma a\u00e7\u00e3o.\n\n                        considere como a\u00e7\u00e3o somente os seguintes termos: Nomeado, Vac\u00e2ncia, redistribuido, aposentadoria, Deixar Vago, Licen\u00e7a, Lotar, Afastamento,Reverter, Designar, Tornar sem efeito Nomea\u00e7\u00e3o, Tornar sem efeito vac\u00e2ncia, Remover, Afastar, Demitir, Ceder, Remover, Ceder, Dispensa, Exonerar, Substituir, Reconduzir, Falecimento e Posse . N\u00e3o considere como a\u00e7\u00e3o nenhum termo fora da lista especificada; se nenhum termo casar com os crit\u00e9rios da lista, deixe o campo em branco.\n\n                        Esses documentos ser\u00e3o utilizados em um projeto importante, portanto retorne somente os resultados solicitados corretos e nada mais.\n                    "},{"assistant_initiates":false,"asst_text":"[\n    {\"a\u00e7\u00e3o\": \"Exonerar\", \"Nome\": \"ADRIANA MONTE PEREIRA DE MAC\u00caDO SAMPAIO\", \"Cargo\": \"Diretora da Divis\u00e3o de Administra\u00e7\u00e3o do F\u00f3rum de Natal (CJ-01)\"}\n]","behavior":"degenerate_repetition","conversation_hash":"f18e7cd15317ae845effe0c3f3ae62a8","conversation_redacted":false,"conversation_toxic":false,"country":"United Kingdom","empty_output":false,"evidence_codes":[],"label":"absent","label_present":false,"label_qualified":false,"label_source":"Final dense release","language":"Portuguese","model":"gpt-4o-mini-2024-07-18","n_chars":1751,"n_turns_in_conversation":1,"n_words":216,"source_row_offset":1490,"source_shard":"turns-00059.parquet","timestamp":"Fri, 10 Jan 2025 21:16:58 GMT","turn_id":"e206ef30c1c67383ae528f9f","turn_index":0,"user_text":"\n                        Usando o seguinte texto:\n                        O DESEMBARGADOR PRESIDENTE DO TRIBUNAL REGIONAL DO TRABALHO DA 21\u00aa REGI\u00c3O, no uso de suas atribui\u00e7\u00f5es, contidas no inciso XV do art. 25 do Regimento Interno; Considerando os termos da Resolu\u00e7\u00e3o Administrativa n. 036/2019, resolve: Exonerar ADRIANA MONTE PEREIRA DE MAC\u00caDO SAMPAIO, matr\u00edcula n\u00ba 308.21.1693, do Cargo em Comiss\u00e3o de Diretora da Divis\u00e3o de Administra\u00e7\u00e3o do F\u00f3rum de Natal (CJ-01), com efeitos a contar da publica\u00e7\u00e3o do presente Ato.\n                        Retorne os resultados da seguinte forma:\n                        [\n                            {\"a\u00e7\u00e3o\": \"a\u00e7\u00e3o realizada\",\"Nome\":\"Nome do servidor(se houver)\", \"Cargo\": \"Cargo do servidor (se houver)\"},{\"a\u00e7\u00e3o\": \"a\u00e7\u00e3o realizada\",\"Nome\":\"Nome do servidor(se houver)\", \"Cargo\": \"Cargo do servidor (se houver)\"},\n                        ] \n                        Repita o padr\u00e3o se houver mais de uma a\u00e7\u00e3o.\n\n                        considere como a\u00e7\u00e3o somente os seguintes termos: Nomeado, Vac\u00e2ncia, redistribuido, aposentadoria, Deixar Vago, Licen\u00e7a, Lotar, Afastamento,Reverter, Designar, Tornar sem efeito Nomea\u00e7\u00e3o, Tornar sem efeito vac\u00e2ncia, Remover, Afastar, Demitir, Ceder, Remover, Ceder, Dispensa, Exonerar, Substituir, Reconduzir, Falecimento e Posse . N\u00e3o considere como a\u00e7\u00e3o nenhum termo fora da lista especificada; se nenhum termo casar com os crit\u00e9rios da lista, deixe o campo em branco.\n\n                        Esses documentos ser\u00e3o utilizados em um projeto importante, portanto retorne somente os resultados solicitados corretos e nada mais.\n                    "}],"shard":{"index":59,"name":"turns-00059.parquet","rows":41738}}
